{"id":49498,"date":"2023-03-24T16:39:51","date_gmt":"2023-03-24T19:39:51","guid":{"rendered":"https:\/\/corrientesdetarde.com\/?p=49498"},"modified":"2023-03-24T16:39:53","modified_gmt":"2023-03-24T19:39:53","slug":"ultima-semana-para-inscribirse-a-las-becas-progresar","status":"publish","type":"post","link":"https:\/\/corrientesdetarde.com\/index.php\/informacion-general\/ultima-semana-para-inscribirse-a-las-becas-progresar\/","title":{"rendered":"\u00daltima semana para inscribirse a las Becas Progresar."},"content":{"rendered":"\n<h2 class=\"wp-block-heading\">ANSES recuerda que hasta el 31 de marzo permanece abierta la inscripci\u00f3n\u00a0para la primera convocatoria del a\u00f1o a las\u00a0becas\u00a0Progresar\u00a0en todas sus l\u00edneas:\u00a0Progresar\u00a016 y 17 a\u00f1os;\u00a0Progresar\u00a0Obligatorio;\u00a0Progresar\u00a0Superior;\u00a0Progresar\u00a0Enfermer\u00eda\u00a0y\u00a0Progresar\u00a0Trabajo.<\/h2>\n\n\n\n<p>Mientras se espera el pago de las Becas Progresar abril 2023, en marzo sigue abierta la inscripci\u00f3n. Una vez finalizado el mes, el Ministerio de Educaci\u00f3n ya no tomar\u00e1 solicitudes, ya que se dar\u00e1 de baja el formulario de la web.<\/p>\n\n\n\n<p>Todos los meses los montos se pagan seg\u00fan el calendario de pago de Anses, pero las inscripciones estar\u00e1n habilitadas hasta el 31 de marzo.<\/p>\n\n\n\n<p>El formulario de inscripci\u00f3n se encuentra en: argentina.gob.ar\/progresar<\/p>\n","protected":false},"excerpt":{"rendered":"<p>ANSES recuerda que hasta el 31 de marzo permanece abierta la inscripci\u00f3n\u00a0para la primera convocatoria del a\u00f1o a las\u00a0becas\u00a0Progresar\u00a0en todas sus l\u00edneas:\u00a0Progresar\u00a016 y 17 a\u00f1os;\u00a0Progresar\u00a0Obligatorio;\u00a0Progresar\u00a0Superior;\u00a0Progresar\u00a0Enfermer\u00eda\u00a0y\u00a0Progresar\u00a0Trabajo. Mientras se espera el pago&hellip; <\/p>\n","protected":false},"author":6,"featured_media":49499,"comment_status":"closed","ping_status":"open","sticky":false,"template":"","format":"standard","meta":{"footnotes":""},"categories":[1],"tags":[],"class_list":["post-49498","post","type-post","status-publish","format-standard","has-post-thumbnail","hentry","category-informacion-general"],"_links":{"self":[{"href":"https:\/\/corrientesdetarde.com\/index.php\/wp-json\/wp\/v2\/posts\/49498","targetHints":{"allow":["GET"]}}],"collection":[{"href":"https:\/\/corrientesdetarde.com\/index.php\/wp-json\/wp\/v2\/posts"}],"about":[{"href":"https:\/\/corrientesdetarde.com\/index.php\/wp-json\/wp\/v2\/types\/post"}],"author":[{"embeddable":true,"href":"https:\/\/corrientesdetarde.com\/index.php\/wp-json\/wp\/v2\/users\/6"}],"replies":[{"embeddable":true,"href":"https:\/\/corrientesdetarde.com\/index.php\/wp-json\/wp\/v2\/comments?post=49498"}],"version-history":[{"count":1,"href":"https:\/\/corrientesdetarde.com\/index.php\/wp-json\/wp\/v2\/posts\/49498\/revisions"}],"predecessor-version":[{"id":49500,"href":"https:\/\/corrientesdetarde.com\/index.php\/wp-json\/wp\/v2\/posts\/49498\/revisions\/49500"}],"wp:featuredmedia":[{"embeddable":true,"href":"https:\/\/corrientesdetarde.com\/index.php\/wp-json\/wp\/v2\/media\/49499"}],"wp:attachment":[{"href":"https:\/\/corrientesdetarde.com\/index.php\/wp-json\/wp\/v2\/media?parent=49498"}],"wp:term":[{"taxonomy":"category","embeddable":true,"href":"https:\/\/corrientesdetarde.com\/index.php\/wp-json\/wp\/v2\/categories?post=49498"},{"taxonomy":"post_tag","embeddable":true,"href":"https:\/\/corrientesdetarde.com\/index.php\/wp-json\/wp\/v2\/tags?post=49498"}],"curies":[{"name":"wp","href":"https:\/\/api.w.org\/{rel}","templated":true}]}}