{"id":49501,"date":"2023-03-24T16:44:46","date_gmt":"2023-03-24T19:44:46","guid":{"rendered":"https:\/\/corrientesdetarde.com\/?p=49501"},"modified":"2023-03-24T16:44:52","modified_gmt":"2023-03-24T19:44:52","slug":"el-actor-daniel-bruhl-intepretara-a-karl-lagerfeld-en-una-serie","status":"publish","type":"post","link":"https:\/\/corrientesdetarde.com\/index.php\/espectaculos\/el-actor-daniel-bruhl-intepretara-a-karl-lagerfeld-en-una-serie\/","title":{"rendered":"El actor Daniel Br\u00fchl intepretar\u00e1 a Karl Lagerfeld en una serie."},"content":{"rendered":"\n<h2 class=\"wp-block-heading\">Habr\u00e1 m\u00e1s 40 escenarios y se ver\u00e1n m\u00e1s de 3.000 trajes. Tambi\u00e9n aparecer\u00e1n celebridades que eran amigas del dise\u00f1ador.<\/h2>\n\n\n\n<p>El actor hispano-alem\u00e1n\u00a0<strong>Daniel Br\u00fchl<\/strong>\u00a0interpretar\u00e1 en una serie al dise\u00f1ador de moda\u00a0<strong>Karl Lagerfeld<\/strong>, seg\u00fan confirm\u00f3 el servicio de streaming Disney+. \u201cQu\u00e9 regalo, qu\u00e9 honor, qu\u00e9 aventura\u201d, escribi\u00f3 el actor, de 44 a\u00f1os, en su cuenta de Instagram en franc\u00e9s e ingl\u00e9s. \u201cPor fin lo puedo revelar:\u00a0<strong>Interpretar\u00e9 a\u00a0Karl Lagerfeld<\/strong>, uno de los mayores retos hasta la fecha\u201d, se\u00f1al\u00f3.<\/p>\n\n\n\n<figure class=\"wp-block-image\"><img decoding=\"async\" src=\"https:\/\/tn.com.ar\/resizer\/SxKJB8wPkdBnqOOrpCvJO3S7PRg=\/767x0\/smart\/filters:format(webp)\/cloudfront-us-east-1.images.arcpublishing.com\/artear\/HCOTK4TWFRD5ZDZ45KO3YAYOBU.jpg\" alt=\"El elegido de Disney para ser Karl Lagerfeld. (Foto: @thedanielbr\u00fchl)\"\/><figcaption>El elegido de Disney para ser Karl Lagerfeld. (Foto: @thedanielbr\u00fchl)<\/figcaption><\/figure>\n\n\n\n<p>Disney+ anunci\u00f3 el proyecto sobre la vida del dise\u00f1ador germano, que naci\u00f3 en Hamburgo y muri\u00f3 en Neuilly-sur-Seine, cerca de Par\u00eds, en 2019. La serie se titular\u00e1 \u201cKaiser Karl\u201d (Emperador Karl).<\/p>\n\n\n\n<p>Seg\u00fan inform\u00f3 la revista estadounidense \u201cVariety\u201d, el estudio cinematogr\u00e1fico Gaumont est\u00e1 rodando actualmente la serie en Francia, M\u00f3naco e Italia. A\u00fan no se ha fijado una fecha de estreno.<\/p>\n\n\n\n<figure class=\"wp-block-image\"><img decoding=\"async\" src=\"https:\/\/tn.com.ar\/resizer\/j7DQWUgjfujyXlisoRz0SscXAmA=\/767x0\/smart\/filters:format(webp)\/cloudfront-us-east-1.images.arcpublishing.com\/artear\/RLT44IH74VC35HNQPEB6PA7F2E.jpg\" alt=\"Karl Lagerfeld fue un ic\u00f3nico dise\u00f1ador y fot\u00f3grafo (Foto: AFP).\"\/><figcaption>Karl Lagerfeld fue un ic\u00f3nico dise\u00f1ador y fot\u00f3grafo (Foto: AFP).<\/figcaption><\/figure>\n\n\n\n<p>\u201cEn medio de la subcultura \u2018queer\u2019 y el t\u00edpico mundo de la moda parisina, \u2018Kaiser Karl\u2019 fue desarrollada y adaptada para la televisi\u00f3n\u201d, inform\u00f3 Disney+. La serie de seis episodios narra el&nbsp;<strong>ascenso del dise\u00f1ador en el mundo de la moda parisina de los a\u00f1os setenta.<\/strong><\/p>\n\n\n\n<p>\u201cEn 1972, Karl Lagerfeld, de 38 a\u00f1os, aspiraba a convertirse en el dise\u00f1ador de moda m\u00e1s famoso de Francia en una \u00e9poca en la que reinaba Yves Saint Laurent\u201d, describi\u00f3 Disney+.<\/p>\n\n\n\n<figure class=\"wp-block-image\"><img decoding=\"async\" src=\"https:\/\/tn.com.ar\/resizer\/jZYpf4YSPU6WcHrs_pLXlf92x_0=\/767x0\/smart\/filters:format(webp)\/cloudfront-us-east-1.images.arcpublishing.com\/artear\/KGH6PC7XCHFJX2IUNII35E6KRU.jpg\" alt=\"La supermodelo junto a Karl Lagerfeld. (Foto: Mark Mainz \/ GETTY IMAGES NORTH AMERICA \/ Getty Images via AFP)\"\/><figcaption>La supermodelo junto a Karl Lagerfeld. (Foto: Mark Mainz \/ GETTY IMAGES NORTH AMERICA \/ Getty Images via AFP)<\/figcaption><\/figure>\n\n\n\n<p>\u201cEsta es la historia de \u2018Kaiser Karl\u2019 y su desesperada b\u00fasqueda de reconocimiento; llena de rivalidades entre clanes y batallas de egos, fiestas y decadencia, tr\u00e1gicas relaciones amorosas y grandes amistades\u201d, agrega el servicio de streaming.<\/p>\n\n\n\n<p>En la trama de la serie aparecen muchas figuras mundiales, entre otros,&nbsp;<strong>Marlene Dietrich<\/strong>, que es interpretada por Sunnyi Melles, Paloma Picasso por Jeanne Damas y Andy Warhol por Paul Spera.<\/p>\n\n\n\n<h2 class=\"wp-block-heading\">Los n\u00fameros de la serie<\/h2>\n\n\n\n<p>Tambi\u00e9n aparece Jacques de Bascher (Th\u00e9odore Pellerin), compa\u00f1ero de Lagerfeld durante muchos a\u00f1os. Seg\u00fan el informe, en la serie se utilizan&nbsp;<strong>m\u00e1s de 40 decorados diferentes y m\u00e1s de 3.000 trajes<\/strong>.<\/p>\n\n\n\n<figure class=\"wp-block-image\"><img decoding=\"async\" src=\"https:\/\/tn.com.ar\/resizer\/g4DFRKoHFX5psVivAJzqC6eLggs=\/767x0\/smart\/filters:format(webp)\/cloudfront-us-east-1.images.arcpublishing.com\/artear\/BFTCA5VVFXS775VC2B4YKTKJRU.jpg\" alt=\"Carolina de M\u00f3naco junto a Karl Lagerfeld, en marzo de 2018 (Foto: AFP).\"\/><figcaption>Carolina de M\u00f3naco junto a Karl Lagerfeld, en marzo de 2018 (Foto: AFP).<\/figcaption><\/figure>\n\n\n\n<p>El director y guionista franc\u00e9s J\u00e9r\u00f4me Salle (\u201cZulu\u201d) ser\u00e1 el \u201ccerebro art\u00edstico\u201d de la serie y dirigir\u00e1 los episodios 1, 2 y 6. En tanto, su colega Audrey Estrougo (\u201cUne histoire banale\u201d) se har\u00e1 cargo de los otros tres episodios.<\/p>\n\n\n\n<h2 class=\"wp-block-heading\">Karl Lagerfeld eterno<\/h2>\n\n\n\n<p>El modisto alem\u00e1n tiene su lugar ganado en el mundo de la nota sin discusi\u00f3n. Dise\u00f1ador y fot\u00f3grafo, no solo fue el hombre detr\u00e1s de Chanel sino que tuvo la marca que llevaba su nombre y fue director artistico de la marca italiana Fendi. Pero su mundo no fue solo el lujo y la moda, sino que la decoraci\u00f3n lo apasionaba tal como mostr\u00f3 en sus ocho casas alrededor del mundo. Muy pronto llega su serie: agendalo.<\/p>\n\n\n\n<figure class=\"wp-block-image\"><img decoding=\"async\" src=\"https:\/\/tn.com.ar\/resizer\/tMTkaJS3EvTttOKj1MnkqE-zNWc=\/767x0\/smart\/filters:format(webp)\/cloudfront-us-east-1.images.arcpublishing.com\/artear\/VUUTGAHZZTUONIY5SK7EFMV6L4.jpg\" alt=\"Karl Lagerfeld y la actriz Pen\u00e9lope Cruz, una de sus musas. (Foto: Instagram @chanelofficial)\"\/><figcaption>Karl Lagerfeld y la actriz Pen\u00e9lope Cruz, una de sus musas. (Foto: Instagram @chanelofficial)<\/figcaption><\/figure>\n\n\n\n<p><\/p>\n\n\n\n<p><em>Fuente: Todo Noticias.<\/em><\/p>\n","protected":false},"excerpt":{"rendered":"<p>Habr\u00e1 m\u00e1s 40 escenarios y se ver\u00e1n m\u00e1s de 3.000 trajes. Tambi\u00e9n aparecer\u00e1n celebridades que eran amigas del dise\u00f1ador. El actor hispano-alem\u00e1n\u00a0Daniel Br\u00fchl\u00a0interpretar\u00e1 en una serie al dise\u00f1ador de moda\u00a0Karl&hellip; <\/p>\n","protected":false},"author":6,"featured_media":49502,"comment_status":"closed","ping_status":"open","sticky":false,"template":"","format":"standard","meta":{"footnotes":""},"categories":[19],"tags":[],"class_list":["post-49501","post","type-post","status-publish","format-standard","has-post-thumbnail","hentry","category-espectaculos"],"_links":{"self":[{"href":"https:\/\/corrientesdetarde.com\/index.php\/wp-json\/wp\/v2\/posts\/49501","targetHints":{"allow":["GET"]}}],"collection":[{"href":"https:\/\/corrientesdetarde.com\/index.php\/wp-json\/wp\/v2\/posts"}],"about":[{"href":"https:\/\/corrientesdetarde.com\/index.php\/wp-json\/wp\/v2\/types\/post"}],"author":[{"embeddable":true,"href":"https:\/\/corrientesdetarde.com\/index.php\/wp-json\/wp\/v2\/users\/6"}],"replies":[{"embeddable":true,"href":"https:\/\/corrientesdetarde.com\/index.php\/wp-json\/wp\/v2\/comments?post=49501"}],"version-history":[{"count":1,"href":"https:\/\/corrientesdetarde.com\/index.php\/wp-json\/wp\/v2\/posts\/49501\/revisions"}],"predecessor-version":[{"id":49503,"href":"https:\/\/corrientesdetarde.com\/index.php\/wp-json\/wp\/v2\/posts\/49501\/revisions\/49503"}],"wp:featuredmedia":[{"embeddable":true,"href":"https:\/\/corrientesdetarde.com\/index.php\/wp-json\/wp\/v2\/media\/49502"}],"wp:attachment":[{"href":"https:\/\/corrientesdetarde.com\/index.php\/wp-json\/wp\/v2\/media?parent=49501"}],"wp:term":[{"taxonomy":"category","embeddable":true,"href":"https:\/\/corrientesdetarde.com\/index.php\/wp-json\/wp\/v2\/categories?post=49501"},{"taxonomy":"post_tag","embeddable":true,"href":"https:\/\/corrientesdetarde.com\/index.php\/wp-json\/wp\/v2\/tags?post=49501"}],"curies":[{"name":"wp","href":"https:\/\/api.w.org\/{rel}","templated":true}]}}