{"id":49504,"date":"2023-03-24T17:09:45","date_gmt":"2023-03-24T20:09:45","guid":{"rendered":"https:\/\/corrientesdetarde.com\/?p=49504"},"modified":"2023-03-24T17:09:49","modified_gmt":"2023-03-24T20:09:49","slug":"la-tragica-historia-de-lucas-benvenuto","status":"publish","type":"post","link":"https:\/\/corrientesdetarde.com\/index.php\/crimen-y-justicia\/la-tragica-historia-de-lucas-benvenuto\/","title":{"rendered":"La tr\u00e1gica historia de Lucas Benvenuto."},"content":{"rendered":"\n<h2 class=\"wp-block-heading\">El patinador art\u00edstico demand\u00f3 al medi\u00e1tico en 2020. En la causa asegur\u00f3 haber tenido relaciones sexuales no consentidas en varias oportunidades, cuando \u00e9l ten\u00eda 14 y el conductor 32.<\/h2>\n\n\n\n<p>Esta semana<strong>\u00a0Lucas Benvenuto\u00a0denunci\u00f3 p\u00fablicamente a<\/strong>\u00a0<strong>Jey Mamm\u00f3n<\/strong>\u00a0por abuso sexual. Si bien el nombre del joven de 30 a\u00f1os cobr\u00f3 resonancia en las \u00faltimas horas, su desgarradora historia de vida\u00a0<strong>es considerada como uno de los casos m\u00e1s aberrante de pedofilia en la historia argentina.<\/strong><\/p>\n\n\n\n<p>En 2020 Benvenuto&nbsp;<strong>se identific\u00f3 como el joven detr\u00e1s del infame caso de la red de trata de menores, los \u201cboy lovers\u201d, cuya cabeza era el psic\u00f3logo Jorge Corsi.<\/strong>&nbsp;Benvenuto fue captado por estos abusadores a los 11 a\u00f1os y tard\u00f3 17 m\u00e1s para animarse a contarlo. Se decidi\u00f3 al enterarse de que uno de sus victimarios, el exprofesor de m\u00fasica Marcelo Rocca Clement, sali\u00f3 de la c\u00e1rcel ocho a\u00f1os despu\u00e9s de su imputaci\u00f3n.<\/p>\n\n\n\n<figure class=\"wp-block-image\"><img decoding=\"async\" src=\"https:\/\/tn.com.ar\/resizer\/nGepryC9fjLz7k7-Oc38iTkH7oM=\/767x0\/smart\/filters:format(webp)\/cloudfront-us-east-1.images.arcpublishing.com\/artear\/QI43JOYGR5DNTJ3C5RPRA3C27I.jpg\" alt=\"Lucas Benvenuto actualmente se dedica al patinaje art\u00edstico, dice que tiene ahora una vida hermosa, pero las caras de sus abusadores lo persiguen hasta el presente. (Foto: Instagram \/ lucasbenvenutoo)\"\/><figcaption>Lucas Benvenuto actualmente se dedica al patinaje art\u00edstico, dice que tiene ahora una vida hermosa, pero las caras de sus abusadores lo persiguen hasta el presente. (Foto: Instagram \/ lucasbenvenutoo)<\/figcaption><\/figure>\n\n\n\n<p>El propio Lucas cont\u00f3 que de todos los chicos que esta banda criminal capt\u00f3 para dar rienda a sus depravaciones, \u00e9l ser\u00eda quiz\u00e1s el m\u00e1s vulnerable.<strong>&nbsp;Vivi\u00f3 en Mataderos con su madre, qui\u00e9n sufri\u00f3 de una fuerte adicci\u00f3n a las drogas. Pasaba la mayor parte del tiempo sin supervisi\u00f3n adulta<\/strong>&nbsp;y en cibers, conectado a Messenger. Ah\u00ed fue abordado por estos sujetos: lo enga\u00f1aron con promesas y dinero para luego secuestrarlo.<\/p>\n\n\n\n<p>Escap\u00f3 9 meses despu\u00e9s de su desaparici\u00f3n, pero durante este tiempo<strong>&nbsp;fue forzado a mantener relaciones sexuales con varios de ellos<\/strong>. Incluso permaneci\u00f3 encerrado en la parte posterior de una librer\u00eda, donde<strong>&nbsp;fue filmado mientras su captor lo abusaba. Los videos de las violaciones fueron comercializadas en Espa\u00f1a.<\/strong><\/p>\n\n\n\n<h2 class=\"wp-block-heading\">Lucas Benvenuto y las graves consecuencias que dej\u00f3 su horrorosa experiencia<\/h2>\n\n\n\n<p>De todas las personas que\u00a0<strong>Lucas Benvenuto<\/strong>\u00a0denunci\u00f3, apenas uno fue condenado. Otros fueron sobrese\u00eddos por prescripci\u00f3n de la causa y otros alegatos. Incluso cont\u00f3 que uno de ellos logr\u00f3 comunicarse con \u00e9l para intimidarlo. De all\u00ed,\u00a0<strong>el joven sufri\u00f3 una profunda depresi\u00f3n e intento en varias oportunidades quitarse la vida.<\/strong><\/p>\n\n\n\n<figure class=\"wp-block-image\"><img decoding=\"async\" src=\"https:\/\/tn.com.ar\/resizer\/yNdvyl_Z7vvyFJbm9K5uxSWIVl4=\/767x0\/smart\/filters:format(webp)\/cloudfront-us-east-1.images.arcpublishing.com\/artear\/O3MB6UACGJAXZOASBQAEGLQAFE.jpg\" alt=\"Lucas Benvenuto comparti\u00f3 una foto con uno de sus violadores a los 11 a\u00f1os. A la derecha, la foto de Marcelo Rocca Clement. (Foto: Gentileza Infobae)\"\/><figcaption>Lucas Benvenuto comparti\u00f3 una foto con uno de sus violadores a los 11 a\u00f1os. A la derecha, la foto de Marcelo Rocca Clement. (Foto: Gentileza Infobae)<\/figcaption><\/figure>\n\n\n\n<p>Hace dos a\u00f1os, mientras contaba su historia por primera vez,<strong>&nbsp;Lucas Benvenuto&nbsp;<\/strong>dijo sentir alivio al relatar lo ocurrido, pero las secuelas de su horrible experiencia hablaron m\u00e1s fuerte. \u201cTodas estas cosas me causaron muchas cosas en mi vida de ahora.<strong>&nbsp;Sufro de trastornos alimenticios. Tengo problemas para salir a la calle, para relacionarme con las personas, le tengo miedo a la gente\u201d<\/strong>, cont\u00f3 en su momento.<\/p>\n\n\n\n<h2 class=\"wp-block-heading\">\u201cCarta al ni\u00f1o que alg\u00fan d\u00eda fui\u201d: la publicaci\u00f3n de Lucas Benvenuto tras el descargo de Jey Mamm\u00f3n<\/h2>\n\n\n\n<p>Tras la enorme repercusi\u00f3n que tuvo\u00a0su denuncia a\u00a0<strong>Jey Mamm\u00f3n\u00a0<\/strong>por abuso sexual\u00a0y tras\u00a0el descargo del conductor,\u00a0<strong>Lucas Benvenuto\u00a0volvi\u00f3 a expresarse en sus redes sociales con un sentido posteo.<\/strong><\/p>\n\n\n\n<p>El joven poste\u00f3 una foto de su infancia y escribi\u00f3:&nbsp;<strong>\u201cAc\u00e1 voy a estar cuando te sientas solo, cuando tus horas oscuras opaquen tu sonrisa<\/strong>, cuando el sendero por el que caminas pierda sus colores. Ac\u00e1 voy a estar cuando sientas que todo pierde sentido, cuando no te entiendas. Ac\u00e1 voy a estar cuando el sol se deje de asomar por tu ventana, cuando la tristeza te absorba\u201d.<\/p>\n\n\n\n<figure class=\"wp-block-image\"><img decoding=\"async\" src=\"https:\/\/tn.com.ar\/resizer\/7yN63jHirL-TV1Ai-EwGESDLI-Q=\/767x0\/smart\/filters:format(webp)\/cloudfront-us-east-1.images.arcpublishing.com\/artear\/R5VVIFVTQJHXZF2NWK67WHPYMU.jpg\" alt=\"Lucas Benvenuto denunci\u00f3 a Marcelo Corazza y Jey Mammon como agresores. (Foto: Instagram \/ lucasbenvenuto, jeymammon, marcelocorazza)\"\/><figcaption>Lucas Benvenuto denunci\u00f3 a Marcelo Corazza y Jey Mammon como agresores. (Foto: Instagram \/ lucasbenvenuto, jeymammon, marcelocorazza)<\/figcaption><\/figure>\n\n\n\n<p>Y continu\u00f3: \u201cAc\u00e1 voy a estar cuando te quedes solo y no sepas a qui\u00e9n acudir, cuando necesites volver de ese limbo. Ac\u00e1 voy a estar cuando tus l\u00e1grimas caigan y te quedes sin fuerzas, cuando los recuerdos te enga\u00f1en. Ac\u00e1 voy a estar cuando no puedas dormir y las pesadillas se apoderen de tus sue\u00f1os, cuando no quieras apagar la luz, cuando el silencio te acose.&nbsp;<strong>Sin que me lo pidas, ac\u00e1 voy a estar\u201d<\/strong>.<\/p>\n\n\n\n<p>A modo de cierre, concluy\u00f3:&nbsp;<strong>\u201cNo te voy a dejar atr\u00e1s sin antes regalarte la verdad, tu verdad.<\/strong>&nbsp;Yo te voy a cuidar y proteger como nunca nadie lo hizo antes porque ese es mi trabajo, traerte de nuevo del lugar donde te robaron los a\u00f1os m\u00e1s importantes de tu vida. Carta a ese ni\u00f1o que alg\u00fan d\u00eda fui\u201d.<\/p>\n\n\n\n<figure class=\"wp-block-image\"><img decoding=\"async\" src=\"https:\/\/tn.com.ar\/resizer\/8Y6Dsr7pUwFDoNvs2lJM3FdLT1w=\/767x0\/smart\/filters:format(webp)\/cloudfront-us-east-1.images.arcpublishing.com\/artear\/O3IYKWA5GZFUVLGUCKFOG4AFBQ.JPG\" alt=\"El sentido posteo de Lucas Benvenuto, tras hablar de su denuncia contra Jey Mammon. (Foto: Instagram \/lucasbenvenutoo)\"\/><figcaption>El sentido posteo de Lucas Benvenuto, tras hablar de su denuncia contra Jey Mammon. (Foto: Instagram \/lucasbenvenutoo)<\/figcaption><\/figure>\n\n\n\n<p>La publicaci\u00f3n no pas\u00f3 inadvertida entre\u00a0<strong>sus m\u00e1s de 25 mil seguidores que le dejaron mensajes de aliento, apoyo y fuerzas.<\/strong>\u00a0\u201cSomos muchos los que estamos ac\u00e1, vamos a acompa\u00f1arte, no te vamos a dejar solo\u201d, \u201cNo est\u00e1s solo, estamos ac\u00e1 para gritar tu verdad. Te abrazo muy fuerte\u201d, \u201cNo est\u00e1s solo, todos te creemos. Sos valiente por contar la verdad\u201d, fueron algunos de los comentarios que se replicaron en el posteo.<\/p>\n\n\n\n<p><\/p>\n\n\n\n<p><em>Fuente: Todo Noticias.<\/em><\/p>\n","protected":false},"excerpt":{"rendered":"<p>El patinador art\u00edstico demand\u00f3 al medi\u00e1tico en 2020. En la causa asegur\u00f3 haber tenido relaciones sexuales no consentidas en varias oportunidades, cuando \u00e9l ten\u00eda 14 y el conductor 32. Esta&hellip; <\/p>\n","protected":false},"author":6,"featured_media":49505,"comment_status":"closed","ping_status":"open","sticky":false,"template":"","format":"standard","meta":{"footnotes":""},"categories":[5],"tags":[],"class_list":["post-49504","post","type-post","status-publish","format-standard","has-post-thumbnail","hentry","category-crimen-y-justicia"],"_links":{"self":[{"href":"https:\/\/corrientesdetarde.com\/index.php\/wp-json\/wp\/v2\/posts\/49504","targetHints":{"allow":["GET"]}}],"collection":[{"href":"https:\/\/corrientesdetarde.com\/index.php\/wp-json\/wp\/v2\/posts"}],"about":[{"href":"https:\/\/corrientesdetarde.com\/index.php\/wp-json\/wp\/v2\/types\/post"}],"author":[{"embeddable":true,"href":"https:\/\/corrientesdetarde.com\/index.php\/wp-json\/wp\/v2\/users\/6"}],"replies":[{"embeddable":true,"href":"https:\/\/corrientesdetarde.com\/index.php\/wp-json\/wp\/v2\/comments?post=49504"}],"version-history":[{"count":1,"href":"https:\/\/corrientesdetarde.com\/index.php\/wp-json\/wp\/v2\/posts\/49504\/revisions"}],"predecessor-version":[{"id":49506,"href":"https:\/\/corrientesdetarde.com\/index.php\/wp-json\/wp\/v2\/posts\/49504\/revisions\/49506"}],"wp:featuredmedia":[{"embeddable":true,"href":"https:\/\/corrientesdetarde.com\/index.php\/wp-json\/wp\/v2\/media\/49505"}],"wp:attachment":[{"href":"https:\/\/corrientesdetarde.com\/index.php\/wp-json\/wp\/v2\/media?parent=49504"}],"wp:term":[{"taxonomy":"category","embeddable":true,"href":"https:\/\/corrientesdetarde.com\/index.php\/wp-json\/wp\/v2\/categories?post=49504"},{"taxonomy":"post_tag","embeddable":true,"href":"https:\/\/corrientesdetarde.com\/index.php\/wp-json\/wp\/v2\/tags?post=49504"}],"curies":[{"name":"wp","href":"https:\/\/api.w.org\/{rel}","templated":true}]}}