{"id":49507,"date":"2023-03-24T17:12:27","date_gmt":"2023-03-24T20:12:27","guid":{"rendered":"https:\/\/corrientesdetarde.com\/?p=49507"},"modified":"2023-03-24T17:12:30","modified_gmt":"2023-03-24T20:12:30","slug":"ataco-a-palazos-a-sus-propios-abuelos-para-robarles","status":"publish","type":"post","link":"https:\/\/corrientesdetarde.com\/index.php\/crimen-y-justicia\/ataco-a-palazos-a-sus-propios-abuelos-para-robarles\/","title":{"rendered":"Atac\u00f3 a palazos a sus propios abuelos para robarles."},"content":{"rendered":"\n<h2 class=\"wp-block-heading\">Un joven con serios problemas de adicciones termin\u00f3 detenido ayer luego de atacar a palazos a sus abuelos cuando lo descubrieron rob\u00e1ndole sus pertenencias, para venderlas y comprar estupefacientes. Los ancianos de m\u00e1s de 70 a\u00f1os, denunciaron que no fue la primera reacci\u00f3n violenta. Pidieron una restricci\u00f3n de acercamiento y contenci\u00f3n de especialistas para el muchacho.<\/h2>\n\n\n\n<p>El incidente ocurri\u00f3 en una vivienda del barrio Dr. Monta\u00f1a, cuando dos ancianos llamaron al 911 pidiendo auxilio.<\/p>\n\n\n\n<p>El nieto los estaba atacando con un palo de hockey.<\/p>\n\n\n\n<p>Lo descubrieron robando sus objetos personales.<\/p>\n\n\n\n<p>Mientras la abuela llamaba, el muchacho la golpe\u00f3 con el palo, le sac\u00f3 el celular y lo arroj\u00f3 a la calle.<\/p>\n\n\n\n<p>Todo el incidente fue escuchado por el operador del 911, que r\u00e1pidamente coordin\u00f3 las patrullas que arribaron y pusieron bajo arresto al violento joven de 19 a\u00f1os.&nbsp;<\/p>\n\n\n\n<p>Con informaci\u00f3n del Facebook de Roberto Zorrilla.<\/p>\n","protected":false},"excerpt":{"rendered":"<p>Un joven con serios problemas de adicciones termin\u00f3 detenido ayer luego de atacar a palazos a sus abuelos cuando lo descubrieron rob\u00e1ndole sus pertenencias, para venderlas y comprar estupefacientes. Los&hellip; <\/p>\n","protected":false},"author":6,"featured_media":49508,"comment_status":"closed","ping_status":"open","sticky":false,"template":"","format":"standard","meta":{"footnotes":""},"categories":[5],"tags":[],"class_list":["post-49507","post","type-post","status-publish","format-standard","has-post-thumbnail","hentry","category-crimen-y-justicia"],"_links":{"self":[{"href":"https:\/\/corrientesdetarde.com\/index.php\/wp-json\/wp\/v2\/posts\/49507","targetHints":{"allow":["GET"]}}],"collection":[{"href":"https:\/\/corrientesdetarde.com\/index.php\/wp-json\/wp\/v2\/posts"}],"about":[{"href":"https:\/\/corrientesdetarde.com\/index.php\/wp-json\/wp\/v2\/types\/post"}],"author":[{"embeddable":true,"href":"https:\/\/corrientesdetarde.com\/index.php\/wp-json\/wp\/v2\/users\/6"}],"replies":[{"embeddable":true,"href":"https:\/\/corrientesdetarde.com\/index.php\/wp-json\/wp\/v2\/comments?post=49507"}],"version-history":[{"count":1,"href":"https:\/\/corrientesdetarde.com\/index.php\/wp-json\/wp\/v2\/posts\/49507\/revisions"}],"predecessor-version":[{"id":49509,"href":"https:\/\/corrientesdetarde.com\/index.php\/wp-json\/wp\/v2\/posts\/49507\/revisions\/49509"}],"wp:featuredmedia":[{"embeddable":true,"href":"https:\/\/corrientesdetarde.com\/index.php\/wp-json\/wp\/v2\/media\/49508"}],"wp:attachment":[{"href":"https:\/\/corrientesdetarde.com\/index.php\/wp-json\/wp\/v2\/media?parent=49507"}],"wp:term":[{"taxonomy":"category","embeddable":true,"href":"https:\/\/corrientesdetarde.com\/index.php\/wp-json\/wp\/v2\/categories?post=49507"},{"taxonomy":"post_tag","embeddable":true,"href":"https:\/\/corrientesdetarde.com\/index.php\/wp-json\/wp\/v2\/tags?post=49507"}],"curies":[{"name":"wp","href":"https:\/\/api.w.org\/{rel}","templated":true}]}}