{"id":49618,"date":"2023-03-25T10:09:41","date_gmt":"2023-03-25T13:09:41","guid":{"rendered":"https:\/\/corrientesdetarde.com\/?p=49618"},"modified":"2023-03-25T10:09:42","modified_gmt":"2023-03-25T13:09:42","slug":"boca-juniors-revoluciono-chaco","status":"publish","type":"post","link":"https:\/\/corrientesdetarde.com\/index.php\/deportes\/boca-juniors-revoluciono-chaco\/","title":{"rendered":"Boca Juniors revolucion\u00f3 Chaco"},"content":{"rendered":"\n<p>El plantel de Boca Juniors arrib\u00f3 ayer por la tarde al hotel donde se hospeda en Resistencia y provoc\u00f3 una locura entre la multitud de hinchas que lo esperaban desde hace varias horas.<\/p>\n\n\n\n<p>&nbsp;Los jugadores no dudaron en acercarse a los fan\u00e1ticos, saludaron afectuosamente y se sacaron fotos. La locura &#8220;xeneize&#8221; en la vecina provincia tambi\u00e9n se vivi\u00f3 fugazmente en la capital correntina. En horas de la siesta, el equipo conducido por Hugo Ibarra arrib\u00f3 al Aeropuerto Piragine Niveyro de Corrientes como escala previa. Hoy, Boca Juniors jugar\u00e1 en suelo chaque\u00f1o en el marco de su partido correspondiente por los 32avos. de final de la Copa Argentina ante Olimpo de Bah\u00eda Blanca.<\/p>\n\n\n\n<p>El cotejo comenzar\u00e1 a las 19 en el estadio Centenario de Sarmiento de la ciudad de Resistencia en lo que ser\u00e1 la primera visita en la d\u00e9cada del &#8220;xeneize&#8221; a la vecina provincia. Con la vuelta ya el a\u00f1o pasado de Chaco como sede para el certamen m\u00e1s federal, el club porte\u00f1o arribar\u00e1 a la capital chaque\u00f1a tras varios a\u00f1os de ausencia.<\/p>\n\n\n\n<h2 class=\"wp-block-heading\">El goyano Monz\u00f3n tiene una duda en el &#8220;rojo&#8221;<\/h2>\n\n\n\n<p>El entrenador Pedro Monz\u00f3n, interino en el plantel de Independiente con miras al partido de ma\u00f1ana contra Ciudad de Bol\u00edvar, presenta una inc\u00f3gnita para decidir la formaci\u00f3n que jugar\u00e1 en el debut por los 32avos. de final de Copa Argentina.<\/p>\n\n\n\n<p>El director t\u00e9cnico correntino de 61 a\u00f1os, quien reemplaz\u00f3 a Leandro Stillitano, todav\u00eda no resolvi\u00f3 qui\u00e9n se mover\u00e1 como una suerte de puntero por la derecha, en el marco de un esquema t\u00e1ctico 4-3-3. Es que el tambi\u00e9n exdirector t\u00e9cnico de Chacarita Juniors y Argentino de Quilmes apost\u00f3 a la inclusi\u00f3n del ecuatoriano Juan Cazares o a la del juvenil Tom\u00e1s Rambert por ese sector de la cancha.<\/p>\n\n\n\n<p>El resto del equipo del &#8220;rojo&#8221; parece pr\u00e1cticamente confirmado, a partir de los ensayos t\u00e1cticos que diagram\u00f3 durante la semana en el predio Santo Domingo de la localidad bonaerense de Villa Dom\u00ednico.<\/p>\n","protected":false},"excerpt":{"rendered":"<p>El plantel de Boca Juniors arrib\u00f3 ayer por la tarde al hotel donde se hospeda en Resistencia y provoc\u00f3 una locura entre la multitud de hinchas que lo esperaban desde&hellip; <\/p>\n","protected":false},"author":3,"featured_media":49619,"comment_status":"closed","ping_status":"open","sticky":false,"template":"","format":"standard","meta":{"footnotes":""},"categories":[4],"tags":[],"class_list":["post-49618","post","type-post","status-publish","format-standard","has-post-thumbnail","hentry","category-deportes"],"_links":{"self":[{"href":"https:\/\/corrientesdetarde.com\/index.php\/wp-json\/wp\/v2\/posts\/49618","targetHints":{"allow":["GET"]}}],"collection":[{"href":"https:\/\/corrientesdetarde.com\/index.php\/wp-json\/wp\/v2\/posts"}],"about":[{"href":"https:\/\/corrientesdetarde.com\/index.php\/wp-json\/wp\/v2\/types\/post"}],"author":[{"embeddable":true,"href":"https:\/\/corrientesdetarde.com\/index.php\/wp-json\/wp\/v2\/users\/3"}],"replies":[{"embeddable":true,"href":"https:\/\/corrientesdetarde.com\/index.php\/wp-json\/wp\/v2\/comments?post=49618"}],"version-history":[{"count":1,"href":"https:\/\/corrientesdetarde.com\/index.php\/wp-json\/wp\/v2\/posts\/49618\/revisions"}],"predecessor-version":[{"id":49620,"href":"https:\/\/corrientesdetarde.com\/index.php\/wp-json\/wp\/v2\/posts\/49618\/revisions\/49620"}],"wp:featuredmedia":[{"embeddable":true,"href":"https:\/\/corrientesdetarde.com\/index.php\/wp-json\/wp\/v2\/media\/49619"}],"wp:attachment":[{"href":"https:\/\/corrientesdetarde.com\/index.php\/wp-json\/wp\/v2\/media?parent=49618"}],"wp:term":[{"taxonomy":"category","embeddable":true,"href":"https:\/\/corrientesdetarde.com\/index.php\/wp-json\/wp\/v2\/categories?post=49618"},{"taxonomy":"post_tag","embeddable":true,"href":"https:\/\/corrientesdetarde.com\/index.php\/wp-json\/wp\/v2\/tags?post=49618"}],"curies":[{"name":"wp","href":"https:\/\/api.w.org\/{rel}","templated":true}]}}