{"id":49752,"date":"2023-03-26T11:23:23","date_gmt":"2023-03-26T14:23:23","guid":{"rendered":"https:\/\/corrientesdetarde.com\/?p=49752"},"modified":"2023-03-26T11:23:27","modified_gmt":"2023-03-26T14:23:27","slug":"la-seleccion-argentina-tuvo-una-fiesta-privada-en-el-predio-lionel-messi","status":"publish","type":"post","link":"https:\/\/corrientesdetarde.com\/index.php\/deportes\/la-seleccion-argentina-tuvo-una-fiesta-privada-en-el-predio-lionel-messi\/","title":{"rendered":"La Selecci\u00f3n Argentina tuvo una fiesta privada en el predio Lionel Messi"},"content":{"rendered":"\n<p>Los futbolistas disfrutaron junto a sus familiares de una celebraci\u00f3n \u00edntima durante la madrugada. All\u00ed tambi\u00e9n estuvieron Wos y La T y la M. Ma\u00f1ana se reencontrar\u00e1n de cara al amistoso del martes contra Curazao.<\/p>\n\n\n\n<p>Los jugadores de la Selecci\u00f3n Argentina realizaron durante la madrugada una fiesta Bresh privada junto a sus familiares en el predio de la AFA en Ezeiza, que desde ayer lleva el nombre de Lionel Messi. Entre los artistas invitados a la celebraci\u00f3n estuvieron Wos y tambi\u00e9n La T y la M.&nbsp;<br>&nbsp;<\/p>\n\n\n\n<p>Los futbolistas, que tendr\u00e1n el domingo como d\u00eda de descanso, registraron varios momentos de los festejos en sus redes sociales. Entre ellos, la Pulga en pleno baile con Antonela Roccuzzo y hasta Tini Stoessel (pareja de Rodrigo De Paul) ense\u00f1\u00e1ndole un paso al capit\u00e1n del combinado nacional.<\/p>\n\n\n\n<p>Entre los presentes estuvo Lionel Scaloni, mientras que uno de los aspectos m\u00e1s llamativos fue el look de Messi: us\u00f3 el buzo de la Selecci\u00f3n Argentina durante toda la fiesta. El m\u00e1s comprometido con el registro de im\u00e1genes fue Nicol\u00e1s Otamendi, quien adem\u00e1s organiz\u00f3 un desaf\u00edo con varios de sus compa\u00f1eros.Previous<\/p>\n\n\n\n<figure class=\"wp-block-image\"><img decoding=\"async\" src=\"https:\/\/www.radiodos.com.ar\/content\/bucket\/3\/191913h720.jpg.webp\" alt=\"337274961_1277460322866097_6584107048241384726_n.jpg\"\/><\/figure>\n\n\n\n<figure class=\"wp-block-image\"><img decoding=\"async\" src=\"https:\/\/www.radiodos.com.ar\/content\/bucket\/4\/191914h720.jpg.webp\" alt=\"337893949_539092418295220_2591954327998051427_n - copia.jpg\"\/><\/figure>\n\n\n\n<figure class=\"wp-block-image\"><img decoding=\"async\" src=\"https:\/\/www.radiodos.com.ar\/content\/bucket\/5\/191915h720.jpg.webp\" alt=\"338019874_175260332067867_7819147700202752884_n - copia.jpg\"\/><\/figure>\n\n\n\n<p>Tini le ense\u00f1a a bailar a Messi<br>\u00a0<br>&#8220;Bail\u00e1, Lionel&#8221;, se escuch\u00f3 en boca del defensor de Benfica cuando empez\u00f3 a sonar La T y la M al tiempo que la Pulga sacaba a bailar a Antonela. All\u00ed tambi\u00e9n se los pudo ver a Paulo Dybala junto a Oriana Sabatini, a Emiliano Mart\u00ednez con su esposa Mandinha, y a De Paul con Tini Stoessel.<\/p>\n\n\n\n<p>Antes de finalizar la celebraci\u00f3n, y al igual que sucedi\u00f3 en el campo de juego del estadio Monumental despu\u00e9s del triunfo sobre Panam\u00e1, los campeones del mundo se tomaron de las manos para formar un c\u00edrculo. &#8220;Que de la mano de Leo Messi, todos la vuelta vamos a dar\u2026&#8221;, cantaron mientras giraban.<\/p>\n\n\n\n<p>El desaf\u00edo de Otamendi en la fiesta de la Selecci\u00f3n Argentina<\/p>\n\n\n\n<p><br>El surgido en V\u00e9lez organiz\u00f3 lo que denomin\u00f3 Alcotest: les pregunt\u00f3 las edades a varios de sus compa\u00f1eros (Nahuel Molina, Cristian Romero, Enzo Fern\u00e1ndez y \u00c1ngel Di Mar\u00eda. Entre risas y bromas, los \u00fanicos que respondieron bien fueron el lateral de Atl\u00e9tico de Madrid y el mediocampista de Chelsea.<\/p>\n\n\n\n<p>La Selecci\u00f3n Argentina enfrentar\u00e1 a Curazao<\/p>\n\n\n\n<p><br>Despu\u00e9s de disfrutar del domingo libre, los jugadores del combinado nacional se reencontrar\u00e1n ma\u00f1ana en el predio de Ezeiza para realizar el \u00faltimo entrenamiento antes de viajar a Asunci\u00f3n (para el homenaje de la Conmebol), y luego a Santiago del Estero (para el amistoso del martes a las 20.30.<\/p>\n","protected":false},"excerpt":{"rendered":"<p>Los futbolistas disfrutaron junto a sus familiares de una celebraci\u00f3n \u00edntima durante la madrugada. All\u00ed tambi\u00e9n estuvieron Wos y La T y la M. Ma\u00f1ana se reencontrar\u00e1n de cara al&hellip; <\/p>\n","protected":false},"author":4,"featured_media":49754,"comment_status":"closed","ping_status":"open","sticky":false,"template":"","format":"standard","meta":{"footnotes":""},"categories":[4],"tags":[],"class_list":["post-49752","post","type-post","status-publish","format-standard","has-post-thumbnail","hentry","category-deportes"],"_links":{"self":[{"href":"https:\/\/corrientesdetarde.com\/index.php\/wp-json\/wp\/v2\/posts\/49752","targetHints":{"allow":["GET"]}}],"collection":[{"href":"https:\/\/corrientesdetarde.com\/index.php\/wp-json\/wp\/v2\/posts"}],"about":[{"href":"https:\/\/corrientesdetarde.com\/index.php\/wp-json\/wp\/v2\/types\/post"}],"author":[{"embeddable":true,"href":"https:\/\/corrientesdetarde.com\/index.php\/wp-json\/wp\/v2\/users\/4"}],"replies":[{"embeddable":true,"href":"https:\/\/corrientesdetarde.com\/index.php\/wp-json\/wp\/v2\/comments?post=49752"}],"version-history":[{"count":1,"href":"https:\/\/corrientesdetarde.com\/index.php\/wp-json\/wp\/v2\/posts\/49752\/revisions"}],"predecessor-version":[{"id":49755,"href":"https:\/\/corrientesdetarde.com\/index.php\/wp-json\/wp\/v2\/posts\/49752\/revisions\/49755"}],"wp:featuredmedia":[{"embeddable":true,"href":"https:\/\/corrientesdetarde.com\/index.php\/wp-json\/wp\/v2\/media\/49754"}],"wp:attachment":[{"href":"https:\/\/corrientesdetarde.com\/index.php\/wp-json\/wp\/v2\/media?parent=49752"}],"wp:term":[{"taxonomy":"category","embeddable":true,"href":"https:\/\/corrientesdetarde.com\/index.php\/wp-json\/wp\/v2\/categories?post=49752"},{"taxonomy":"post_tag","embeddable":true,"href":"https:\/\/corrientesdetarde.com\/index.php\/wp-json\/wp\/v2\/tags?post=49752"}],"curies":[{"name":"wp","href":"https:\/\/api.w.org\/{rel}","templated":true}]}}