{"id":49753,"date":"2023-03-26T11:38:17","date_gmt":"2023-03-26T14:38:17","guid":{"rendered":"https:\/\/corrientesdetarde.com\/?p=49753"},"modified":"2023-03-26T11:38:20","modified_gmt":"2023-03-26T14:38:20","slug":"macri-no-sere-candidato-en-la-proxima-eleccion","status":"publish","type":"post","link":"https:\/\/corrientesdetarde.com\/index.php\/politica\/macri-no-sere-candidato-en-la-proxima-eleccion\/","title":{"rendered":"Macri: &#8220;no ser\u00e9 candidato en la pr\u00f3xima elecci\u00f3n&#8221;"},"content":{"rendered":"\n<p>Mauricio Macri ratific\u00f3 a trav\u00e9s de sus redes sociales que no se postular\u00e1 como candidato en las pr\u00f3ximas elecciones para presidente de la Naci\u00f3n.<\/p>\n\n\n\n<p>El expresidente anunci\u00f3 hoy que no ser\u00e1 candidato a presidente en las pr\u00f3ximas elecciones en el cual dijo estar &#8220;convencido de que hay que agrandar el espacio pol\u00edtico&#8221;, a la vez que indic\u00f3 que seguir\u00e1 &#8220;defendiendo la libertad, la democracia y los valores&#8221;.<\/p>\n\n\n\n<p>&#8220;Quiero ratificar la decisi\u00f3n de que no ser\u00e9 candidato en la pr\u00f3xima elecci\u00f3n y lo hago convencido de que hay que agrandar el espacio pol\u00edtico del cambio que iniciamos, que tenemos que inspirar a los dem\u00e1s con nuestras acciones&#8221;, expres\u00f3.<\/p>\n\n\n\n<p>A trav\u00e9s de un video que public\u00f3 en sus redes sociales, Macri a\u00f1adi\u00f3: &#8220;Voy a seguir defendiendo la libertad, la democracia y los valores que compartimos&#8221;.<\/p>\n\n\n\n<figure class=\"wp-block-embed is-type-rich is-provider-gestor-del-servicio wp-block-embed-gestor-del-servicio wp-embed-aspect-16-9 wp-has-aspect-ratio\"><div class=\"wp-block-embed__wrapper\">\n<iframe loading=\"lazy\" title=\"26-03-2023\" width=\"1110\" height=\"624\" src=\"https:\/\/www.youtube.com\/embed\/s_eJi9iswRM?feature=oembed\" frameborder=\"0\" allow=\"accelerometer; autoplay; clipboard-write; encrypted-media; gyroscope; picture-in-picture; web-share\" allowfullscreen><\/iframe>\n<\/div><\/figure>\n","protected":false},"excerpt":{"rendered":"<p>Mauricio Macri ratific\u00f3 a trav\u00e9s de sus redes sociales que no se postular\u00e1 como candidato en las pr\u00f3ximas elecciones para presidente de la Naci\u00f3n. El expresidente anunci\u00f3 hoy que no&hellip; <\/p>\n","protected":false},"author":4,"featured_media":49757,"comment_status":"closed","ping_status":"open","sticky":false,"template":"","format":"standard","meta":{"footnotes":""},"categories":[3],"tags":[],"class_list":["post-49753","post","type-post","status-publish","format-standard","has-post-thumbnail","hentry","category-politica"],"_links":{"self":[{"href":"https:\/\/corrientesdetarde.com\/index.php\/wp-json\/wp\/v2\/posts\/49753","targetHints":{"allow":["GET"]}}],"collection":[{"href":"https:\/\/corrientesdetarde.com\/index.php\/wp-json\/wp\/v2\/posts"}],"about":[{"href":"https:\/\/corrientesdetarde.com\/index.php\/wp-json\/wp\/v2\/types\/post"}],"author":[{"embeddable":true,"href":"https:\/\/corrientesdetarde.com\/index.php\/wp-json\/wp\/v2\/users\/4"}],"replies":[{"embeddable":true,"href":"https:\/\/corrientesdetarde.com\/index.php\/wp-json\/wp\/v2\/comments?post=49753"}],"version-history":[{"count":1,"href":"https:\/\/corrientesdetarde.com\/index.php\/wp-json\/wp\/v2\/posts\/49753\/revisions"}],"predecessor-version":[{"id":49758,"href":"https:\/\/corrientesdetarde.com\/index.php\/wp-json\/wp\/v2\/posts\/49753\/revisions\/49758"}],"wp:featuredmedia":[{"embeddable":true,"href":"https:\/\/corrientesdetarde.com\/index.php\/wp-json\/wp\/v2\/media\/49757"}],"wp:attachment":[{"href":"https:\/\/corrientesdetarde.com\/index.php\/wp-json\/wp\/v2\/media?parent=49753"}],"wp:term":[{"taxonomy":"category","embeddable":true,"href":"https:\/\/corrientesdetarde.com\/index.php\/wp-json\/wp\/v2\/categories?post=49753"},{"taxonomy":"post_tag","embeddable":true,"href":"https:\/\/corrientesdetarde.com\/index.php\/wp-json\/wp\/v2\/tags?post=49753"}],"curies":[{"name":"wp","href":"https:\/\/api.w.org\/{rel}","templated":true}]}}