{"id":49787,"date":"2023-03-26T18:42:22","date_gmt":"2023-03-26T21:42:22","guid":{"rendered":"https:\/\/corrientesdetarde.com\/?p=49787"},"modified":"2023-03-26T18:42:26","modified_gmt":"2023-03-26T21:42:26","slug":"situacion-ignea-descendio-el-riesgo-de-fuego-en-gran-parte-de-la-provincia","status":"publish","type":"post","link":"https:\/\/corrientesdetarde.com\/index.php\/medio-ambiente\/situacion-ignea-descendio-el-riesgo-de-fuego-en-gran-parte-de-la-provincia\/","title":{"rendered":"Situaci\u00f3n \u00edgnea: descendi\u00f3 el riesgo de fuego en gran parte de la provincia."},"content":{"rendered":"\n<h2 class=\"wp-block-heading\">Desde la Direcci\u00f3n de Recursos Forestales dieron a conocer informaci\u00f3n actualizada respecto a la situaci\u00f3n en la provincia.<\/h2>\n\n\n\n<p>Desde la Direcci\u00f3n de Recursos Forestales del Ministerio de Producci\u00f3n de Corrientes, brindaron su informe diario respecto a los \u00edndices de riesgo de fuego en las diferentes localidades de la provincia.<\/p>\n\n\n\n<p>Las zonas que se encuentran bajo alerta moderada son: Corrientes, Monte Caseros, Esquina y Bella Vista. En riesgo bajo est\u00e1n: Mercedes, San Miguel y Chavarr\u00eda. Sin embargo, mantienen un alerta Muy Alta y Alta, las regiones de Ituzaing\u00f3 y Virasoro, respectivamente.&nbsp;<\/p>\n\n\n\n<figure class=\"wp-block-image\"><img decoding=\"async\" src=\"https:\/\/www.lt7noticias.com\/content\/bucket\/0\/44210w489h456c.jpg.webp\" alt=\"\"\/><\/figure>\n\n\n\n<p>Cabe recordar que el Riesgo de Incendio se define como la probabilidad de que se produzca un incendio en una zona. La conjunci\u00f3n de la Peligrosidad y de la Frecuencia-causalidad permite determinar dicho riesgo.<\/p>\n\n\n\n<p>Ante la falta de lluvias y los muy altos indicadores de peligro de incendios, se recuerda que est\u00e1 proh\u00edbido en Corrientes cualquier tipo de quema hasta nuevo aviso. Se solicita a la poblaci\u00f3n evitar este tipo de pr\u00e1cticas.&nbsp;<\/p>\n\n\n\n<p>En caso de observar alg\u00fan tipo de foco \u00edgneo se debe dar aviso de manera inmediata a la Polic\u00eda (911 o 101) o a los Bomberos (100)<\/p>\n\n\n\n<figure class=\"wp-block-image\"><img decoding=\"async\" src=\"https:\/\/www.lt7noticias.com\/content\/bucket\/9\/44209w625h429c.jpg.webp\" alt=\"\"\/><\/figure>\n","protected":false},"excerpt":{"rendered":"<p>Desde la Direcci\u00f3n de Recursos Forestales dieron a conocer informaci\u00f3n actualizada respecto a la situaci\u00f3n en la provincia. Desde la Direcci\u00f3n de Recursos Forestales del Ministerio de Producci\u00f3n de Corrientes,&hellip; <\/p>\n","protected":false},"author":6,"featured_media":49788,"comment_status":"closed","ping_status":"open","sticky":false,"template":"","format":"standard","meta":{"footnotes":""},"categories":[6],"tags":[],"class_list":["post-49787","post","type-post","status-publish","format-standard","has-post-thumbnail","hentry","category-medio-ambiente"],"_links":{"self":[{"href":"https:\/\/corrientesdetarde.com\/index.php\/wp-json\/wp\/v2\/posts\/49787","targetHints":{"allow":["GET"]}}],"collection":[{"href":"https:\/\/corrientesdetarde.com\/index.php\/wp-json\/wp\/v2\/posts"}],"about":[{"href":"https:\/\/corrientesdetarde.com\/index.php\/wp-json\/wp\/v2\/types\/post"}],"author":[{"embeddable":true,"href":"https:\/\/corrientesdetarde.com\/index.php\/wp-json\/wp\/v2\/users\/6"}],"replies":[{"embeddable":true,"href":"https:\/\/corrientesdetarde.com\/index.php\/wp-json\/wp\/v2\/comments?post=49787"}],"version-history":[{"count":1,"href":"https:\/\/corrientesdetarde.com\/index.php\/wp-json\/wp\/v2\/posts\/49787\/revisions"}],"predecessor-version":[{"id":49789,"href":"https:\/\/corrientesdetarde.com\/index.php\/wp-json\/wp\/v2\/posts\/49787\/revisions\/49789"}],"wp:featuredmedia":[{"embeddable":true,"href":"https:\/\/corrientesdetarde.com\/index.php\/wp-json\/wp\/v2\/media\/49788"}],"wp:attachment":[{"href":"https:\/\/corrientesdetarde.com\/index.php\/wp-json\/wp\/v2\/media?parent=49787"}],"wp:term":[{"taxonomy":"category","embeddable":true,"href":"https:\/\/corrientesdetarde.com\/index.php\/wp-json\/wp\/v2\/categories?post=49787"},{"taxonomy":"post_tag","embeddable":true,"href":"https:\/\/corrientesdetarde.com\/index.php\/wp-json\/wp\/v2\/tags?post=49787"}],"curies":[{"name":"wp","href":"https:\/\/api.w.org\/{rel}","templated":true}]}}