{"id":49796,"date":"2023-03-26T19:17:31","date_gmt":"2023-03-26T22:17:31","guid":{"rendered":"https:\/\/corrientesdetarde.com\/?p=49796"},"modified":"2023-03-26T19:17:34","modified_gmt":"2023-03-26T22:17:34","slug":"brian-lanzelotta-se-defendio-de-la-acusacion-de-corrupcion-de-menores","status":"publish","type":"post","link":"https:\/\/corrientesdetarde.com\/index.php\/espectaculos\/brian-lanzelotta-se-defendio-de-la-acusacion-de-corrupcion-de-menores\/","title":{"rendered":"Brian Lanzelotta se defendi\u00f3 de la acusaci\u00f3n de corrupci\u00f3n de menores."},"content":{"rendered":"\n<h2 class=\"wp-block-heading\">Tras la detenci\u00f3n de Marcelo Corazza, se reflot\u00f3 una causa en su contra. El ex \u201cGran Hermano\u201d expuso la resoluci\u00f3n judicial que da cuenta de su inocencia.<\/h2>\n\n\n\n<p>Tras la detenci\u00f3n de\u00a0<strong>Marcelo Corazza<\/strong>\u00a0por trata de personas, corrupci\u00f3n de menores y abuso,\u00a0<strong>Brian Lanzelotta<\/strong>\u00a0<strong>utiliz\u00f3 sus redes sociales para defenderse<\/strong>. El exparticipante hab\u00eda quedado en el ojo de la tormenta despu\u00e9s de que se reflotaran las denuncias realizadas por\u00a0<strong>Natacha Jaitt<\/strong>\u00a0en la mesa de\u00a0<strong>Mirtha Legrand<\/strong>, un a\u00f1o antes de su muerte.<\/p>\n\n\n\n<p>En 2018, la medi\u00e1tica hab\u00eda acusado al exparticipante del reality de \u201ccorromper menores\u201d junto a\u00a0<strong>Francisco Delgado<\/strong>\u00a0y a\u00a0<strong>Leo Cohen Arazi<\/strong>.<\/p>\n\n\n\n<figure class=\"wp-block-image\"><img decoding=\"async\" src=\"https:\/\/tn.com.ar\/resizer\/yNMC03vzlFnvf7dxY-2JcXsu40I=\/767x0\/smart\/filters:format(webp)\/cloudfront-us-east-1.images.arcpublishing.com\/artear\/U24GBSQ4WZCA7M27BQ2DU7ICYQ.jpg\" alt=\"Brian Lanzelotta se hizo popular en &quot;Gran Hermano 2015. (Foto: instagram \/bryanoficialokk)\"\/><figcaption>Brian Lanzelotta se hizo popular en &#8220;Gran Hermano 2015. (Foto: instagram \/bryanoficialokk)<\/figcaption><\/figure>\n\n\n\n<p>\u201cHago este descargo a trav\u00e9s de las redes sociales porque es por las mismas redes que<strong>&nbsp;me atacan a m\u00ed y a mi familia<\/strong>. Espero que con este video quede claro que&nbsp;<strong>no tengo nada que ver con ning\u00fan caso de abuso<\/strong>\u201d, asegur\u00f3.<\/p>\n\n\n\n<figure class=\"wp-block-image\"><img decoding=\"async\" src=\"https:\/\/tn.com.ar\/resizer\/bc9RJHmgN1li0RD6ftvo7zLleQA=\/767x0\/smart\/filters:format(webp)\/cloudfront-us-east-1.images.arcpublishing.com\/artear\/KND36ZPL4JHDLCJD7DMEFR2T34.JPG\" alt=\"El descargo de Brian Lanzelotta en redes sociales. (Foto: Captura Instagram \/bryanoficialokk)\"\/><figcaption>El descargo de Brian Lanzelotta en redes sociales. (Foto: Captura Instagram \/bryanoficialokk)<\/figcaption><\/figure>\n\n\n\n<p>Acto seguido, se\u00f1al\u00f3 que estuvo siempre a disposici\u00f3n de la Justicia y que tiene la causa en sus manos desde el 2018, pero que decidi\u00f3 dejar todo sin efecto, confiando en que la persona que&nbsp;<strong>ten\u00eda que retractarse en los medios<\/strong>, lo har\u00eda tal como lo acordaron en la mediaci\u00f3n. Sin embargo, nunca cumpli\u00f3.<\/p>\n\n\n\n<p>\u201cTengo la causa completa, pero me pareci\u00f3 mostrar lo m\u00e1s importante.&nbsp;<strong>Espero que de ahora en adelante me dejen en paz&nbsp;<\/strong>y, si alguno de todos los que me da\u00f1aron me quieren pedir disculpas, ser\u00e1n bien recibidas.&nbsp;<strong>Yo tambi\u00e9n me sumo al pedido de justicia y digo \u2018con los chicos no\u2019\u201d<\/strong>, concluy\u00f3.<\/p>\n\n\n\n<h2 class=\"wp-block-heading\">El descargo de Brian Lanzelotta en redes sociales<\/h2>\n\n\n\n<p>\u201cComo todos saben, esta semana sali\u00f3 el tema de Marcelo Corazza. Y a ra\u00edz de ese hecho, me veo en la necesidad de hacer este video, ya que&nbsp;<strong>reflota un tema que yo ya hab\u00eda cerrado y dado por terminado tanto en lo personal como en lo judicial<\/strong>\u201d, expres\u00f3 en una grabaci\u00f3n mirando a c\u00e1mara.<\/p>\n\n\n\n<p>Luego comparti\u00f3 una serie de videos en los que aparec\u00edan tanto Natacha Jaitt como a Marian Farjat hablando del esc\u00e1ndalo. \u201cEsto que acaban de ver&nbsp;<strong>sucedi\u00f3 en 2018 y me arruin\u00f3 la vida a m\u00ed, a mi familia, a mi entorno y en lo laboral<\/strong>\u201d, admiti\u00f3.<\/p>\n\n\n\n<figure class=\"wp-block-image\"><img decoding=\"async\" src=\"https:\/\/tn.com.ar\/resizer\/hPaOaoa1hoSHges5dHwDBF-1oYM=\/767x0\/smart\/filters:format(webp)\/cloudfront-us-east-1.images.arcpublishing.com\/artear\/J7SUKBYB5NHCNNLYNYL4TWZDJM.JPG\" alt=\"Brian Lanzelotta mostr\u00f3 la resoluci\u00f3n judicial que demuestra su inocencia. (Foto: Captura Instagram \/bryanoficialokk)\"\/><figcaption>Brian Lanzelotta mostr\u00f3 la resoluci\u00f3n judicial que demuestra su inocencia. (Foto: Captura Instagram \/bryanoficialokk)<\/figcaption><\/figure>\n\n\n\n<p>Sin embargo, destac\u00f3 que como es inocente, siempre estuvo a disposici\u00f3n de la Justicia y expuso la resoluci\u00f3n de la causa. \u201cA tal interrogante la querella contesta que s\u00ed, que quiere dejar sin efecto sus dichos y que no los sostiene. Precisa que&nbsp;<strong>Brian Lanzelotta \u2018no es un ped\u00f3filo\u2019 y que, efectivamente, \u2018\u00e9l no sab\u00eda lo que hac\u00eda su amigo\u2019<\/strong>\u201d, se lee en la copia.<\/p>\n\n\n\n<p>\u201c<strong>Ensuciarte te ensucian en un minuto. Te arruinan la vida.<\/strong>&nbsp;Ahora, cuando tienen que decir la verdad,&nbsp;<strong>cuando la Justicia dice que soy inocente, eso no lo dicen en ning\u00fan lado<\/strong>, a nadie le interesa. Por eso hago este descargo\u201d, reclam\u00f3.<\/p>\n\n\n\n<p>\u201cYo no me borro, no me voy a ning\u00fan lado. Voy a seguir ac\u00e1 porque soy un pibe humilde y doy la cara. Me levanto todos los d\u00edas, trabajo, me gano el pan, tengo una familia hermosa, una mujer que me ama, dos hijos y uno en camino. Y&nbsp;<strong>vamos a pedir justicia por quienes realmente la necesitan, que son los menores que sufrieron un mont\u00f3n de atrocidades<\/strong>\u201d, sostuvo.<\/p>\n\n\n\n<p>\u201cQue caigan los que tienen que caer. Pido justicia. Con los chicos no, pero tambi\u00e9n pido para m\u00ed y para mi familia. Gracias\u201d, cerr\u00f3.<\/p>\n\n\n\n<h2 class=\"wp-block-heading\">Por qu\u00e9 se vincul\u00f3 a Brian Lanzelotta en la causa que enfrenta Marcelo Corazza<\/h2>\n\n\n\n<p>A m\u00e1s de cuatro a\u00f1os de la muerte de la muerte de Natacha Jaitt, sus denuncias siguen teniendo repercusi\u00f3n y una de ellas fue vinculada a la causa por la que se lo investiga a Marcelo Corazza<\/p>\n\n\n\n<p>A pesar de que nunca mencion\u00f3 a Corazza, ella hab\u00eda relacionado a dos exparticipantes del reality\u00a0a la red de abusos de menores que se descubri\u00f3 en Independiente.\u00a0<strong>\u201cPor qu\u00e9 no dicen los medios que Brian Lanzelotta, Francisco Delgado y el \u00e1rbitro, junto a Leo Arazi, corromp\u00edan menores. Cuenten la verdad\u201d<\/strong>, hab\u00eda escrito en su cuenta de Twitter.<\/p>\n\n\n\n<p>Adem\u00e1s, un a\u00f1o antes de su muerte, cuando fue invitada a&nbsp;<em>La noche de Mirtha<\/em>, volvi\u00f3 a referirse al tema. \u201c<strong>Brian reclutaba chicos de la villa al \u00e1rbitro y el \u00e1rbitro le proporcionaba los chicos a Delgado y Cohen Arazi.<\/strong>&nbsp;As\u00ed se arm\u00f3 red de pedofilia. Cohen Arazi daba trabajo en \u2018Combate\u2019 a cambio de sexo\u201d, denunci\u00f3 en aquella oportunidad en di\u00e1logo con la diva.<\/p>\n\n\n\n<p><em>Fuente: Todo Noticias.<\/em><\/p>\n","protected":false},"excerpt":{"rendered":"<p>Tras la detenci\u00f3n de Marcelo Corazza, se reflot\u00f3 una causa en su contra. El ex \u201cGran Hermano\u201d expuso la resoluci\u00f3n judicial que da cuenta de su inocencia. Tras la detenci\u00f3n&hellip; <\/p>\n","protected":false},"author":6,"featured_media":49797,"comment_status":"closed","ping_status":"open","sticky":false,"template":"","format":"standard","meta":{"footnotes":""},"categories":[19],"tags":[],"class_list":["post-49796","post","type-post","status-publish","format-standard","has-post-thumbnail","hentry","category-espectaculos"],"_links":{"self":[{"href":"https:\/\/corrientesdetarde.com\/index.php\/wp-json\/wp\/v2\/posts\/49796","targetHints":{"allow":["GET"]}}],"collection":[{"href":"https:\/\/corrientesdetarde.com\/index.php\/wp-json\/wp\/v2\/posts"}],"about":[{"href":"https:\/\/corrientesdetarde.com\/index.php\/wp-json\/wp\/v2\/types\/post"}],"author":[{"embeddable":true,"href":"https:\/\/corrientesdetarde.com\/index.php\/wp-json\/wp\/v2\/users\/6"}],"replies":[{"embeddable":true,"href":"https:\/\/corrientesdetarde.com\/index.php\/wp-json\/wp\/v2\/comments?post=49796"}],"version-history":[{"count":1,"href":"https:\/\/corrientesdetarde.com\/index.php\/wp-json\/wp\/v2\/posts\/49796\/revisions"}],"predecessor-version":[{"id":49798,"href":"https:\/\/corrientesdetarde.com\/index.php\/wp-json\/wp\/v2\/posts\/49796\/revisions\/49798"}],"wp:featuredmedia":[{"embeddable":true,"href":"https:\/\/corrientesdetarde.com\/index.php\/wp-json\/wp\/v2\/media\/49797"}],"wp:attachment":[{"href":"https:\/\/corrientesdetarde.com\/index.php\/wp-json\/wp\/v2\/media?parent=49796"}],"wp:term":[{"taxonomy":"category","embeddable":true,"href":"https:\/\/corrientesdetarde.com\/index.php\/wp-json\/wp\/v2\/categories?post=49796"},{"taxonomy":"post_tag","embeddable":true,"href":"https:\/\/corrientesdetarde.com\/index.php\/wp-json\/wp\/v2\/tags?post=49796"}],"curies":[{"name":"wp","href":"https:\/\/api.w.org\/{rel}","templated":true}]}}