{"id":49799,"date":"2023-03-26T19:29:37","date_gmt":"2023-03-26T22:29:37","guid":{"rendered":"https:\/\/corrientesdetarde.com\/?p=49799"},"modified":"2023-03-26T20:25:31","modified_gmt":"2023-03-26T23:25:31","slug":"el-reclamo-del-sobrino-a-romina-de-gran-hermano","status":"publish","type":"post","link":"https:\/\/corrientesdetarde.com\/index.php\/espectaculos\/el-reclamo-del-sobrino-a-romina-de-gran-hermano\/","title":{"rendered":"El sobrino de Romina de &#8220;Gran Hermano&#8221; le hizo un reclamo."},"content":{"rendered":"\n<h2 class=\"wp-block-heading\">La participante organiz\u00f3 un evento en el que estuvieron presentes todos sus seres queridos. Molesto porque no fue convocado, Fabi\u00e1n Herrera hizo un descargo en Instagram.<\/h2>\n\n\n\n<p>Tras su paso por&nbsp;<em><strong>Gran Hermano<\/strong>&nbsp;(Telefe)<\/em>,&nbsp;<strong>Romina Uhrig<\/strong>&nbsp;<strong>organiz\u00f3 este s\u00e1bado una fiesta para reencontrarse con todos sus seres queridos<\/strong>. El evento tuvo la presencia de sus hijas y tambi\u00e9n de su expareja, el exintendente de Moreno, Walter Festa. Todo sali\u00f3 c\u00f3mo la plane\u00f3, pero hubo una ausencia que no pas\u00f3 desapercibida:&nbsp;<strong>la de su sobrino,&nbsp;Fabi\u00e1n Herrera, quien hab\u00eda ido a visitarla a la casa m\u00e1s famosa del pa\u00eds<\/strong>.<\/p>\n\n\n\n<p>Molesto porque ni siquiera estuvo invitado al festejo<strong>, el joven comparti\u00f3 un descargo en su cuenta de Instagram<\/strong>. \u201cA la gente un d\u00eda le serv\u00eds y el otro no, no metan todo de s\u00ed para proyecto que no es personal, porque te dejan al costado r\u00e1pidamente y ni gracias dicen, una desilusi\u00f3n m\u00e1s, pero bueno&#8230; todo sirve de experiencia.&nbsp;<strong>Solo para favores<\/strong>\u201d, expuso en una historia.<\/p>\n\n\n\n<p>Por otra parte, en las \u00faltimas horas,&nbsp;<strong>Romina a trav\u00e9s de las redes sociales empez\u00f3 a hacer una campa\u00f1a muy activa para que su amiga&nbsp;Julieta Poggio<\/strong>&nbsp;sea la ganadora en la final del reality. Incluso, estuvo presente en una reuni\u00f3n en Villa Devoto donde cientos de fan\u00e1ticos se reunieron en favor de la concursante. Lamentablemente,&nbsp;<strong>el evento termin\u00f3 en disturbio y se necesit\u00f3 de presencia policial<\/strong>.<\/p>\n\n\n\n<figure class=\"wp-block-image\"><img decoding=\"async\" src=\"https:\/\/tn.com.ar\/resizer\/JmLVnkKzr-7xJxPlw-g0YSn3iUo=\/767x0\/smart\/filters:format(webp)\/cloudfront-us-east-1.images.arcpublishing.com\/artear\/R6N4UEK2U5DOFGNYQRORJV42SA.jpg\" alt=\"Romina Uhrig organiz\u00f3 una gran fiesta y su sobrino le hizo un reproche porque no lo invit\u00f3. (Foto: Instagram \/ elejercitodelam \/ _fabian.herrera_)\"\/><figcaption>Romina Uhrig organiz\u00f3 una gran fiesta y su sobrino le hizo un reproche porque no lo invit\u00f3. (Foto: Instagram \/ elejercitodelam \/ _fabian.herrera_)<\/figcaption><\/figure>\n\n\n\n<p>La campa\u00f1a en cuesti\u00f3n hab\u00eda estado&nbsp;<strong>organizada por la familia de la modelo<\/strong>, quienes tambi\u00e9n estuvieron presentes en el lugar. Sin embargo, m\u00e1s all\u00e1 de sus buenas intenciones, las personas que asistieron se alborotaron y se requiri\u00f3 la presencia de efectivos policiales para que las exparticipantes pudieran retirarse en auto.<\/p>\n\n\n\n<p>Uhrig y Daniela Celis encabezaron la juntada que se llev\u00f3 a cabo en la Plaza Arenales y se&nbsp;<strong>subieron a la terraza de una confiter\u00eda<\/strong>&nbsp;para saludar a todos aquellos que se acercaron. El<strong>&nbsp;conflicto<\/strong>&nbsp;apareci\u00f3 cuando tuvieron que irse del lugar, ya que, debido a la gran cantidad de fan\u00e1ticos, se generaron disturbios y empujones.<\/p>\n\n\n\n<p>En uno de los videos qued\u00f3 registrado el momento en que<strong>&nbsp;los polic\u00edas ayudaron a las exparticipantes&nbsp;<\/strong>a llegar hasta un auto. Si bien la situaci\u00f3n no pas\u00f3 a mayores, sus rostros se ve\u00edan preocupados por el descontrol que se hab\u00eda desatado.<\/p>\n\n\n\n<h2 class=\"wp-block-heading\">Cu\u00e1l hab\u00eda sido la reacci\u00f3n de Romina cuando vio entrar a su sobrino a \u201cGran Hermano&#8221;<\/h2>\n\n\n\n<p>El 20 de febrero, Romina Uhrig fue sorprendida en Gran Hermano con el ingreso de sobrino. Fue una noche a pura emoci\u00f3n, pero la concursante -que esperaba ver a sus tres hijas-<strong>&nbsp;no ocult\u00f3 su poco entusiasmo al ver el ingreso de su familiar<\/strong>. Como si eso no fuera poco, lanz\u00f3 una frase poco feliz que hizo estallar los memes.<\/p>\n\n\n\n<p>Aunque Romina se mostr\u00f3 contenta de verlo, no dej\u00f3 de repetir que ella quer\u00eda ver a sus hijas. \u201cEllas est\u00e1n hermosas, enormes y te ven todos los d\u00edas\u201d, le asegur\u00f3 su sobrino llev\u00e1ndole tranquilidad.<\/p>\n\n\n\n<p>La exdiputada so\u00f1aba con ver a sus tres hijas, pero esto no fue posible debido a que son menores. En su lugar entr\u00f3 el hijo de su hermana. <\/p>\n\n\n\n<p>Minutos despu\u00e9s, la participante lanz\u00f3 sin filtro:<strong>&nbsp;\u201cNo te reconoc\u00ed cuando entraste porque est\u00e1s maquillado. Y est\u00e1s m\u00e1s gordito, \u00bfno?\u201d<\/strong>. La frase no pas\u00f3 inadvertida entre los televidentes que reaccionaron con todo tipo de comentarios y memes.<\/p>\n\n\n\n<p><\/p>\n\n\n\n<p><em>Fuente: Todo Noticias.<\/em><\/p>\n","protected":false},"excerpt":{"rendered":"<p>La participante organiz\u00f3 un evento en el que estuvieron presentes todos sus seres queridos. Molesto porque no fue convocado, Fabi\u00e1n Herrera hizo un descargo en Instagram. Tras su paso por&nbsp;Gran&hellip; <\/p>\n","protected":false},"author":6,"featured_media":49800,"comment_status":"closed","ping_status":"open","sticky":false,"template":"","format":"standard","meta":{"footnotes":""},"categories":[19],"tags":[],"class_list":["post-49799","post","type-post","status-publish","format-standard","has-post-thumbnail","hentry","category-espectaculos"],"_links":{"self":[{"href":"https:\/\/corrientesdetarde.com\/index.php\/wp-json\/wp\/v2\/posts\/49799","targetHints":{"allow":["GET"]}}],"collection":[{"href":"https:\/\/corrientesdetarde.com\/index.php\/wp-json\/wp\/v2\/posts"}],"about":[{"href":"https:\/\/corrientesdetarde.com\/index.php\/wp-json\/wp\/v2\/types\/post"}],"author":[{"embeddable":true,"href":"https:\/\/corrientesdetarde.com\/index.php\/wp-json\/wp\/v2\/users\/6"}],"replies":[{"embeddable":true,"href":"https:\/\/corrientesdetarde.com\/index.php\/wp-json\/wp\/v2\/comments?post=49799"}],"version-history":[{"count":4,"href":"https:\/\/corrientesdetarde.com\/index.php\/wp-json\/wp\/v2\/posts\/49799\/revisions"}],"predecessor-version":[{"id":49821,"href":"https:\/\/corrientesdetarde.com\/index.php\/wp-json\/wp\/v2\/posts\/49799\/revisions\/49821"}],"wp:featuredmedia":[{"embeddable":true,"href":"https:\/\/corrientesdetarde.com\/index.php\/wp-json\/wp\/v2\/media\/49800"}],"wp:attachment":[{"href":"https:\/\/corrientesdetarde.com\/index.php\/wp-json\/wp\/v2\/media?parent=49799"}],"wp:term":[{"taxonomy":"category","embeddable":true,"href":"https:\/\/corrientesdetarde.com\/index.php\/wp-json\/wp\/v2\/categories?post=49799"},{"taxonomy":"post_tag","embeddable":true,"href":"https:\/\/corrientesdetarde.com\/index.php\/wp-json\/wp\/v2\/tags?post=49799"}],"curies":[{"name":"wp","href":"https:\/\/api.w.org\/{rel}","templated":true}]}}