{"id":49802,"date":"2023-03-26T19:44:19","date_gmt":"2023-03-26T22:44:19","guid":{"rendered":"https:\/\/corrientesdetarde.com\/?p=49802"},"modified":"2023-03-26T19:44:23","modified_gmt":"2023-03-26T22:44:23","slug":"una-joven-de-20-anos-denuncio-que-fue-abusada-sexualmente","status":"publish","type":"post","link":"https:\/\/corrientesdetarde.com\/index.php\/crimen-y-justicia\/una-joven-de-20-anos-denuncio-que-fue-abusada-sexualmente\/","title":{"rendered":"Una joven de 20 a\u00f1os denunci\u00f3 que fue abusada sexualmente."},"content":{"rendered":"\n<h2 class=\"wp-block-heading\">El hecho est\u00e1 siendo investigado por la Divisi\u00f3n\u00a0Delitos\u00a0contra la Integridad\u00a0Sexual, de la polic\u00eda de Corrientes.<\/h2>\n\n\n\n<p>Fuentes policiales informaron que este domingo una joven de 20 a\u00f1os denunci\u00f3 haber sido abusada sexualmente.<\/p>\n\n\n\n<p>El hecho habr\u00eda ocurrido en una vivienda del barrio Popular, de la ciudad de Corrientes.&nbsp;&nbsp;La joven estuvo&nbsp;en el Hospital Llano y ya fue dada de alta. Hasta el momento se desconocen mayores detalles del caso.&nbsp;<\/p>\n\n\n\n<p>El hecho est\u00e1 siendo investigado por la\u00a0Divisi\u00f3n\u00a0Delitos\u00a0contra la Integridad\u00a0Sexual, de la polic\u00eda de Corrientes.\u00a0<\/p>\n\n\n\n<p><\/p>\n\n\n\n<p><\/p>\n","protected":false},"excerpt":{"rendered":"<p>El hecho est\u00e1 siendo investigado por la Divisi\u00f3n\u00a0Delitos\u00a0contra la Integridad\u00a0Sexual, de la polic\u00eda de Corrientes. Fuentes policiales informaron que este domingo una joven de 20 a\u00f1os denunci\u00f3 haber sido abusada&hellip; <\/p>\n","protected":false},"author":6,"featured_media":49803,"comment_status":"closed","ping_status":"open","sticky":false,"template":"","format":"standard","meta":{"footnotes":""},"categories":[5],"tags":[],"class_list":["post-49802","post","type-post","status-publish","format-standard","has-post-thumbnail","hentry","category-crimen-y-justicia"],"_links":{"self":[{"href":"https:\/\/corrientesdetarde.com\/index.php\/wp-json\/wp\/v2\/posts\/49802","targetHints":{"allow":["GET"]}}],"collection":[{"href":"https:\/\/corrientesdetarde.com\/index.php\/wp-json\/wp\/v2\/posts"}],"about":[{"href":"https:\/\/corrientesdetarde.com\/index.php\/wp-json\/wp\/v2\/types\/post"}],"author":[{"embeddable":true,"href":"https:\/\/corrientesdetarde.com\/index.php\/wp-json\/wp\/v2\/users\/6"}],"replies":[{"embeddable":true,"href":"https:\/\/corrientesdetarde.com\/index.php\/wp-json\/wp\/v2\/comments?post=49802"}],"version-history":[{"count":1,"href":"https:\/\/corrientesdetarde.com\/index.php\/wp-json\/wp\/v2\/posts\/49802\/revisions"}],"predecessor-version":[{"id":49804,"href":"https:\/\/corrientesdetarde.com\/index.php\/wp-json\/wp\/v2\/posts\/49802\/revisions\/49804"}],"wp:featuredmedia":[{"embeddable":true,"href":"https:\/\/corrientesdetarde.com\/index.php\/wp-json\/wp\/v2\/media\/49803"}],"wp:attachment":[{"href":"https:\/\/corrientesdetarde.com\/index.php\/wp-json\/wp\/v2\/media?parent=49802"}],"wp:term":[{"taxonomy":"category","embeddable":true,"href":"https:\/\/corrientesdetarde.com\/index.php\/wp-json\/wp\/v2\/categories?post=49802"},{"taxonomy":"post_tag","embeddable":true,"href":"https:\/\/corrientesdetarde.com\/index.php\/wp-json\/wp\/v2\/tags?post=49802"}],"curies":[{"name":"wp","href":"https:\/\/api.w.org\/{rel}","templated":true}]}}