{"id":49808,"date":"2023-03-26T19:56:02","date_gmt":"2023-03-26T22:56:02","guid":{"rendered":"https:\/\/corrientesdetarde.com\/?p=49808"},"modified":"2023-03-26T19:56:07","modified_gmt":"2023-03-26T22:56:07","slug":"volvieron-las-maratones-barriales","status":"publish","type":"post","link":"https:\/\/corrientesdetarde.com\/index.php\/deportes\/volvieron-las-maratones-barriales\/","title":{"rendered":"Volvieron las maratones barriales."},"content":{"rendered":"\n<h2 class=\"wp-block-heading\">Este a\u00f1o se mantienen ocho circuitos en sus dos modalidades: participativa (2 km.) y competitiva (5 km.), con la novedad de que se agrega una nueva categor\u00eda: &#8220;M\u00e1s de 70 a\u00f1os&#8221;. Tambi\u00e9n sumar\u00e1n trayectos con desaf\u00edos en arena y barro. La pr\u00f3xima fecha ser\u00e1 el mes que viene en el barrio Santa Catalina.<\/h2>\n\n\n\n<p>Este s\u00e1bado en la plaza Joaqu\u00edn Madariaga del barrio Laguna Brava iniciaron las Maratones Barriales, edici\u00f3n 2023, organizadas por la Municipalidad de Corrientes, a trav\u00e9s se la Secretar\u00eda de Turismo y Deportes.<\/p>\n\n\n\n<p>Desde temprano, clubes de corredores y familias enteras se acercaron a la barriada para competir en sus dos modalidades: participativa (2 km.) y competitiva (5 km.) y en la nueva categor\u00eda: &#8220;M\u00e1s de 70 a\u00f1os&#8221;.<\/p>\n\n\n\n<p>El subsecretario de Unidad de Gesti\u00f3n de Deporte Adaptado, Rafael Segovia, explic\u00f3 que en esta primera &#8220;posta&#8221; se lleg\u00f3 con m\u00e1s de 400 preinscriptos que vinieron a participar de las dos distancias establecidas, adem\u00e1s de que, cada vez que se lanza este tipo de convocatorias se suman much\u00edsimas personas con discapacidad y chicos menores de 14 a\u00f1os.<\/p>\n\n\n\n<p>Sobre la nueva categor\u00eda, de m\u00e1s de 70 a\u00f1os, reconoci\u00f3 que se sum\u00f3 &nbsp;porque &#8221; la expectativa de vida ha crecido, es una categor\u00eda que se ven\u00eda reclamando y, hoy pudimos sumarla. Los adultos mayores que participan en nuestras maratones barriales, que siempre acompa\u00f1an todo el circuito, estuvieron muy contentos de que ahora tienen su lugar&#8221;, expres\u00f3.<\/p>\n\n\n\n<figure class=\"wp-block-image\"><img decoding=\"async\" src=\"https:\/\/www.diarioepoca.com\/content\/bucket\/5\/1287985w762h508c.jpg.webp\" alt=\"\"\/><\/figure>\n\n\n\n<p><strong>LA VISI\u00d3N DE LOS PARTICIPANTES<\/strong><\/p>\n\n\n\n<p>Con 82 a\u00f1os, Juan confes\u00f3 que se siente contento de participar de estas jornadas. Desde los 12 a\u00f1os corre y asever\u00f3 que este deporte lo puede hacer cualquier persona, &#8220;se debe ser positivo 100% porque si no somos positivos, no vamos a ning\u00fan lado&#8221;.&nbsp;<\/p>\n\n\n\n<p>Confes\u00f3 que entrena dos veces a la semana y particip\u00f3 de todas las Maratones Barriales que llev\u00f3 adelante la Municipalidad de la ciudad de Corrientes.<\/p>\n\n\n\n<p>Juan Marcelo representa a los runners de &#8220;La costa&#8221; y corre hace 34 a\u00f1os. Hace dos meses se ven\u00edan preparando para esta nueva etapa de las Maratones Barriales y confes\u00f3 que particip\u00f3 de todas las ediciones. &#8220;Estamos como siempre, poni\u00e9ndole pilas y ganas&#8221;.<\/p>\n\n\n\n<p>Recuperado de c\u00e1ncer, asegur\u00f3 que &#8220;se debe hacer deporte para sanar en vida&#8221; e invit\u00f3 a la ciudadan\u00eda a participar.<\/p>\n\n\n\n<p>Mart\u00edn hace mucho tiempo que corre. &#8220;No me importa lo que hago, porque una vez que empieza la carrera quiero seguir corriendo&#8221;, explic\u00f3 sobre sus ansias de participar de las Maratones.<\/p>\n\n\n\n<p>Mateo tiene ocho a\u00f1os y hace un a\u00f1o que participa de las Maratones en los 2 km. Le encanta entrenar e invit\u00f3 a quienes quieran hacerlo a que se sumen a esta actividad.<\/p>\n\n\n\n<figure class=\"wp-block-image\"><img decoding=\"async\" src=\"https:\/\/www.diarioepoca.com\/content\/bucket\/6\/1287986w762h508c.jpg.webp\" alt=\"\"\/><\/figure>\n\n\n\n<p><strong>FECHAS E INSCRIPCI\u00d3N<\/strong><\/p>\n\n\n\n<p>En el acto de lanzamiento se destac\u00f3 la premisa de llevar las Maratones Barriales a distintos puntos de la ciudad, con circuitos que abarcan uno o dos barrios adem\u00e1s del que es sede &#8220;para llegar a m\u00e1s vecinos&#8221;, acentuaron.<\/p>\n\n\n\n<p>Tambi\u00e9n recordaron que, en cuanto a premios finales, bastar\u00e1 con competir en cinco de las ocho carreras anuales para que el corredor est\u00e9 habilitado para participar del sorteo de 40 vouchers que se realiza en el cierre del a\u00f1o deportivo.<\/p>\n\n\n\n<p>Las fechas de las Maratones Barriales son las siguientes:<\/p>\n\n\n\n<p>El 29 de abril: barrio Santa Catalina.<\/p>\n\n\n\n<p>El 27 de mayo: barrio Juan de Vera.<\/p>\n\n\n\n<p>El 17 de junio: barrio Laguna Seca.<\/p>\n\n\n\n<p>El 19 de agosto: barrio Molina Punta.<\/p>\n\n\n\n<p>El 16 de septiembre: barrio Independencia.<\/p>\n\n\n\n<p>El 14 de octubre: barrio San Ger\u00f3nimo.<\/p>\n\n\n\n<p>El 18 de noviembre: cierre en la Costanera.<\/p>\n\n\n\n<p>Se compite en dos modalidades: participativa (2 km.) y competitiva (5 km.).<\/p>\n\n\n\n<p>Inscripci\u00f3n gratuita a trav\u00e9s del siguiente link: www.xurl.es\/maratonesbarriales<\/p>\n","protected":false},"excerpt":{"rendered":"<p>Este a\u00f1o se mantienen ocho circuitos en sus dos modalidades: participativa (2 km.) y competitiva (5 km.), con la novedad de que se agrega una nueva categor\u00eda: &#8220;M\u00e1s de 70&hellip; <\/p>\n","protected":false},"author":6,"featured_media":49809,"comment_status":"closed","ping_status":"open","sticky":false,"template":"","format":"standard","meta":{"footnotes":""},"categories":[4],"tags":[],"class_list":["post-49808","post","type-post","status-publish","format-standard","has-post-thumbnail","hentry","category-deportes"],"_links":{"self":[{"href":"https:\/\/corrientesdetarde.com\/index.php\/wp-json\/wp\/v2\/posts\/49808","targetHints":{"allow":["GET"]}}],"collection":[{"href":"https:\/\/corrientesdetarde.com\/index.php\/wp-json\/wp\/v2\/posts"}],"about":[{"href":"https:\/\/corrientesdetarde.com\/index.php\/wp-json\/wp\/v2\/types\/post"}],"author":[{"embeddable":true,"href":"https:\/\/corrientesdetarde.com\/index.php\/wp-json\/wp\/v2\/users\/6"}],"replies":[{"embeddable":true,"href":"https:\/\/corrientesdetarde.com\/index.php\/wp-json\/wp\/v2\/comments?post=49808"}],"version-history":[{"count":1,"href":"https:\/\/corrientesdetarde.com\/index.php\/wp-json\/wp\/v2\/posts\/49808\/revisions"}],"predecessor-version":[{"id":49810,"href":"https:\/\/corrientesdetarde.com\/index.php\/wp-json\/wp\/v2\/posts\/49808\/revisions\/49810"}],"wp:featuredmedia":[{"embeddable":true,"href":"https:\/\/corrientesdetarde.com\/index.php\/wp-json\/wp\/v2\/media\/49809"}],"wp:attachment":[{"href":"https:\/\/corrientesdetarde.com\/index.php\/wp-json\/wp\/v2\/media?parent=49808"}],"wp:term":[{"taxonomy":"category","embeddable":true,"href":"https:\/\/corrientesdetarde.com\/index.php\/wp-json\/wp\/v2\/categories?post=49808"},{"taxonomy":"post_tag","embeddable":true,"href":"https:\/\/corrientesdetarde.com\/index.php\/wp-json\/wp\/v2\/tags?post=49808"}],"curies":[{"name":"wp","href":"https:\/\/api.w.org\/{rel}","templated":true}]}}