{"id":50027,"date":"2023-03-27T11:00:16","date_gmt":"2023-03-27T14:00:16","guid":{"rendered":"https:\/\/corrientesdetarde.com\/?p=50027"},"modified":"2023-03-27T11:00:20","modified_gmt":"2023-03-27T14:00:20","slug":"la-hija-de-quico-se-une-a-una-plataforma-de-adultos-y-paraliza-las-redes","status":"publish","type":"post","link":"https:\/\/corrientesdetarde.com\/index.php\/espectaculos\/la-hija-de-quico-se-une-a-una-plataforma-de-adultos-y-paraliza-las-redes\/","title":{"rendered":"La hija de Quico se une a una plataforma de adultos y paraliza las redes"},"content":{"rendered":"\n<p>La fama de OF\u00a0se ha incrementado considerablemente en los \u00faltimos meses, siendo el sitio web de contenido para adultos una de las principales herramientas de entretenimiento para muchos usuarios. Esta vez el \u00e9xito de esta red se ha visto reflejado en la cuenta de\u00a0<strong>Vanesa Villagr\u00e1n<\/strong>, la menor de los siete hijos del actor\u00a0<strong>Carlos Villagr\u00e1n<\/strong>, quien dio vida a\u00a0<strong>Quico<\/strong>\u00a0en el exitoso programa de televisi\u00f3n\u00a0<strong>El Chavo del 8<\/strong>.<\/p>\n\n\n\n<p><strong>Vanesa<\/strong>\u00a0anunci\u00f3 su nuevo proyecto laboral a trav\u00e9s de su cuenta de\u00a0<strong>Twitter<\/strong>\u00a0a principios de marzo, causando gran sorpresa entre sus seguidores. Las expectativas hacia su contenido se cumplieron, puesto que en su perfil de OF\u00a0se pueden encontrar seis videos y cuarenta y nueve fotograf\u00edas\u00a0subidas hasta el momento, las cuales suman m\u00e1s de mil ochocientos\u00a0<em>&#8220;me gusta&#8221;.<\/em><\/p>\n\n\n\n<iframe frameborder=\"0\" allowfullscreen=\"\" src=\"https:\/\/content.jwplatform.com\/players\/tnphuKy3-3LVbKwn1.html?isAMP=true\" class=\"i-amphtml-fill-content\" scrolling=\"no\" allow=\"autoplay;\" style=\"overflow: hidden; width: 100%; height:470px\"><\/iframe>\n\n\n\n\n\n<p>Adem\u00e1s de su contenido para OF, la hija de\u00a0<strong>Carlos Villagr\u00e1n<\/strong>\u00a0tambi\u00e9n gestiona una cuenta en Telegram, donde comparte contenido premium para suscriptores. En su biograf\u00eda de\u00a0<strong>Instagram<\/strong>,\u00a0<strong>Vanessa<\/strong>\u00a0comparte su buena relaci\u00f3n con su padre, donde afirma que su perfil es un homenaje a \u00e9l.<strong>\u00a0Vanesa<\/strong>, de 40 a\u00f1os, es la \u00fanica de los siete hijos de\u00a0<strong>Carlos Villagr\u00e1n<\/strong>\u00a0que trabaja en la gesti\u00f3n de la carrera de su padre, adem\u00e1s de su trabajo como actriz.<\/p>\n\n\n\n<p>Los otros seis hijos del actor son Sylvia, Paulo, Samantha, \u00c1ngel, Edson y Gustavo, todos ellos muy unidos entre s\u00ed.&nbsp;Adem\u00e1s de su trabajo en OF,&nbsp;<strong>Vanesa<\/strong>&nbsp;tambi\u00e9n se encarga de organizar eventos en los que su padre,&nbsp;<strong>Carlos Villagr\u00e1n<\/strong>, es el invitado especial. Estos eventos se han vuelto muy populares entre los fans del actor, quienes esperan con mucha anticipaci\u00f3n verlo en vivo.<\/p>\n\n\n\n<figure class=\"wp-block-image\"><img decoding=\"async\" src=\"https:\/\/www.mdzol.com\/u\/fotografias\/m\/2023\/3\/27\/f768x1-1385667_1385794_126.jpg\" alt=\"\"\/><figcaption>VANESA VILLAGR\u00c1N ES LA MENOR DE SIETE HIJOS QUE TUVO EL ACTOR CARLOS VILLAGR\u00c1N.<\/figcaption><\/figure>\n\n\n\n<p>Estas presentaciones tambi\u00e9n sirven como una gran oportunidad para que los seguidores de\u00a0<strong>Carlos<\/strong>\u00a0puedan conocer a los dem\u00e1s hermanos de\u00a0<strong>Vanesa<\/strong>. La hija de\u00a0<strong>Quico<\/strong>\u00a0es due\u00f1a de una figura perfecta por lo que constantemente deja\u00a0a sus seguidores sin palabras en el mundo virtual.<\/p>\n","protected":false},"excerpt":{"rendered":"<p>La fama de OF\u00a0se ha incrementado considerablemente en los \u00faltimos meses, siendo el sitio web de contenido para adultos una de las principales herramientas de entretenimiento para muchos usuarios. Esta&hellip; <\/p>\n","protected":false},"author":1,"featured_media":50030,"comment_status":"closed","ping_status":"open","sticky":false,"template":"","format":"standard","meta":{"footnotes":""},"categories":[19],"tags":[],"class_list":["post-50027","post","type-post","status-publish","format-standard","has-post-thumbnail","hentry","category-espectaculos"],"_links":{"self":[{"href":"https:\/\/corrientesdetarde.com\/index.php\/wp-json\/wp\/v2\/posts\/50027","targetHints":{"allow":["GET"]}}],"collection":[{"href":"https:\/\/corrientesdetarde.com\/index.php\/wp-json\/wp\/v2\/posts"}],"about":[{"href":"https:\/\/corrientesdetarde.com\/index.php\/wp-json\/wp\/v2\/types\/post"}],"author":[{"embeddable":true,"href":"https:\/\/corrientesdetarde.com\/index.php\/wp-json\/wp\/v2\/users\/1"}],"replies":[{"embeddable":true,"href":"https:\/\/corrientesdetarde.com\/index.php\/wp-json\/wp\/v2\/comments?post=50027"}],"version-history":[{"count":1,"href":"https:\/\/corrientesdetarde.com\/index.php\/wp-json\/wp\/v2\/posts\/50027\/revisions"}],"predecessor-version":[{"id":50031,"href":"https:\/\/corrientesdetarde.com\/index.php\/wp-json\/wp\/v2\/posts\/50027\/revisions\/50031"}],"wp:featuredmedia":[{"embeddable":true,"href":"https:\/\/corrientesdetarde.com\/index.php\/wp-json\/wp\/v2\/media\/50030"}],"wp:attachment":[{"href":"https:\/\/corrientesdetarde.com\/index.php\/wp-json\/wp\/v2\/media?parent=50027"}],"wp:term":[{"taxonomy":"category","embeddable":true,"href":"https:\/\/corrientesdetarde.com\/index.php\/wp-json\/wp\/v2\/categories?post=50027"},{"taxonomy":"post_tag","embeddable":true,"href":"https:\/\/corrientesdetarde.com\/index.php\/wp-json\/wp\/v2\/tags?post=50027"}],"curies":[{"name":"wp","href":"https:\/\/api.w.org\/{rel}","templated":true}]}}