{"id":50189,"date":"2023-03-27T19:24:18","date_gmt":"2023-03-27T22:24:18","guid":{"rendered":"https:\/\/corrientesdetarde.com\/?p=50189"},"modified":"2023-03-27T19:27:51","modified_gmt":"2023-03-27T22:27:51","slug":"fernandez-viajo-del-caribe-a-eeuu-y-espera-reunirse-con-biden","status":"publish","type":"post","link":"https:\/\/corrientesdetarde.com\/index.php\/politica\/fernandez-viajo-del-caribe-a-eeuu-y-espera-reunirse-con-biden\/","title":{"rendered":"FERN\u00c1NDEZ VIAJ\u00d3 DEL CARIBE A EEUU Y ESPERA REUNIRSE CON BIDEN"},"content":{"rendered":"\n<p>(Juan Pablo Peralta desde Casa de Gobierno) &#8211; En Casa Rosada casi no hay actividades ni funcionarios luego de que Alberto Fern\u00e1ndez y una importante comitiva, viajara el viernes pasado rumbo al caribe dominicano para participar de una cumbre de presidentes iberoamericanos.<\/p>\n\n\n\n<p>En ese \u00e1mbito, el mandatario argentino pidi\u00f3 que se modifique el sistema financiero mundial y reclam\u00f3 al FMI que elimine los sobrecargos que cobra a pa\u00edses endeudados como la Argentina. <\/p>\n\n\n\n<figure class=\"wp-block-embed is-type-video is-provider-youtube wp-block-embed-youtube wp-embed-aspect-16-9 wp-has-aspect-ratio\"><div class=\"wp-block-embed__wrapper\">\n<iframe loading=\"lazy\" title=\"FERN\u00c1NDEZ VIAJ\u00d3 DEL CARIBE A EEUU Y ESPERA REUNIRSE CON BIDEN\" width=\"1110\" height=\"624\" src=\"https:\/\/www.youtube.com\/embed\/s8jF-A94Qpw?feature=oembed\" frameborder=\"0\" allow=\"accelerometer; autoplay; clipboard-write; encrypted-media; gyroscope; picture-in-picture; web-share\" allowfullscreen><\/iframe>\n<\/div><\/figure>\n\n\n\n<p>Para no volver al pa\u00eds, Canciller\u00eda y el embajador Jorge Arg\u00fcello armaron una agenda -contra reloj- con el fin de que Fern\u00e1ndez espere dos d\u00edas en Nueva York el encuentro que el mi\u00e9rcoles tendr\u00e1 con Joseph Biden en la Casa Blanca. <\/p>\n\n\n\n<p>En el contexto del viaje, el mandatario se enter\u00f3 que Mauricio Macri se bajaba de la interna de Juntos por el Cambio, y sali\u00f3 a decir, a trav\u00e9s de un portal de noticias, que Cristina Fern\u00e1ndez deber\u00eda imitarlo. Desde el kirchnerismo le replicaron con un pedido similar.<\/p>\n","protected":false},"excerpt":{"rendered":"<p>(Juan Pablo Peralta desde Casa de Gobierno) &#8211; En Casa Rosada casi no hay actividades ni funcionarios luego de que Alberto Fern\u00e1ndez y una importante comitiva, viajara el viernes pasado&hellip; <\/p>\n","protected":false},"author":11,"featured_media":50192,"comment_status":"closed","ping_status":"open","sticky":false,"template":"","format":"standard","meta":{"footnotes":""},"categories":[3],"tags":[142,165,98],"class_list":["post-50189","post","type-post","status-publish","format-standard","has-post-thumbnail","hentry","category-politica","tag-biden","tag-caribe","tag-fernandez"],"_links":{"self":[{"href":"https:\/\/corrientesdetarde.com\/index.php\/wp-json\/wp\/v2\/posts\/50189","targetHints":{"allow":["GET"]}}],"collection":[{"href":"https:\/\/corrientesdetarde.com\/index.php\/wp-json\/wp\/v2\/posts"}],"about":[{"href":"https:\/\/corrientesdetarde.com\/index.php\/wp-json\/wp\/v2\/types\/post"}],"author":[{"embeddable":true,"href":"https:\/\/corrientesdetarde.com\/index.php\/wp-json\/wp\/v2\/users\/11"}],"replies":[{"embeddable":true,"href":"https:\/\/corrientesdetarde.com\/index.php\/wp-json\/wp\/v2\/comments?post=50189"}],"version-history":[{"count":1,"href":"https:\/\/corrientesdetarde.com\/index.php\/wp-json\/wp\/v2\/posts\/50189\/revisions"}],"predecessor-version":[{"id":50190,"href":"https:\/\/corrientesdetarde.com\/index.php\/wp-json\/wp\/v2\/posts\/50189\/revisions\/50190"}],"wp:featuredmedia":[{"embeddable":true,"href":"https:\/\/corrientesdetarde.com\/index.php\/wp-json\/wp\/v2\/media\/50192"}],"wp:attachment":[{"href":"https:\/\/corrientesdetarde.com\/index.php\/wp-json\/wp\/v2\/media?parent=50189"}],"wp:term":[{"taxonomy":"category","embeddable":true,"href":"https:\/\/corrientesdetarde.com\/index.php\/wp-json\/wp\/v2\/categories?post=50189"},{"taxonomy":"post_tag","embeddable":true,"href":"https:\/\/corrientesdetarde.com\/index.php\/wp-json\/wp\/v2\/tags?post=50189"}],"curies":[{"name":"wp","href":"https:\/\/api.w.org\/{rel}","templated":true}]}}