{"id":50403,"date":"2023-03-28T18:12:10","date_gmt":"2023-03-28T21:12:10","guid":{"rendered":"https:\/\/corrientesdetarde.com\/?p=50403"},"modified":"2023-03-28T18:12:13","modified_gmt":"2023-03-28T21:12:13","slug":"marcelo-corazza-fue-sometido-a-una-pericia-psicologica","status":"publish","type":"post","link":"https:\/\/corrientesdetarde.com\/index.php\/crimen-y-justicia\/marcelo-corazza-fue-sometido-a-una-pericia-psicologica\/","title":{"rendered":"Marcelo Corazza fue sometido a una pericia psicol\u00f3gica"},"content":{"rendered":"\n<p>Detenido en el penal de Ezeiza, el exproductor de &#8220;Gran Hermano&#8221; contest\u00f3 las preguntas sobre su estado mental y su &#8220;relaci\u00f3n con actividades delictivas&#8221;.<\/p>\n\n\n\n<p>El\u00a0<strong>ex productor de &#8220;Gran Hermano&#8221; Marcelo Corazza<\/strong>\u00a0lleva m\u00e1s de una semana detenido en el marco de una causa por corrupci\u00f3n de menores, trata de personas y abuso sexual y este martes fue sometido a una pericia psicol\u00f3gica en el penal de Ezeiza.<\/p>\n\n\n\n<p>A diferencia de\u00a0como ocurri\u00f3 cuando le toco presentarse frente al juez\u00a0Javier S\u00e1nchez Sarmiento, titular del Juzgado en lo Criminal y Correccional 48 de la Ciudad de Buenos Aires,\u00a0<strong>Marcelo Corazza contest\u00f3 preguntas en una pericia psicol\u00f3gica que se hace &#8220;por protocolo&#8221; a todos los internos del penal<\/strong>, explic\u00f3 la panelista de Intrusos Maite Pe\u00f1o\u00f1ori.<\/p>\n\n\n\n<figure class=\"wp-block-image size-full\"><img loading=\"lazy\" decoding=\"async\" width=\"610\" height=\"457\" src=\"https:\/\/corrientesdetarde.com\/wp-content\/uploads\/2023\/03\/image-942.png\" alt=\"\" class=\"wp-image-50404\" srcset=\"https:\/\/corrientesdetarde.com\/wp-content\/uploads\/2023\/03\/image-942.png 610w, https:\/\/corrientesdetarde.com\/wp-content\/uploads\/2023\/03\/image-942-300x225.png 300w\" sizes=\"auto, (max-width: 610px) 100vw, 610px\" \/><\/figure>\n\n\n\n<p>&#8220;La entrevista dur\u00f3 aproximadamente entre 5 y 10 minutos, es un m\u00faltiple choice donde los psic\u00f3logos marcan si el riesgo del detenido es el alto, bajo o intermedio&#8221;, especific\u00f3 Pe\u00f1o\u00f1ori en referencia a las posibilidades de que Corazza sea un peligro para s\u00ed mismo. Otras cuestiones revisadas fueron su estado general, tanto mental como f\u00edsico.<\/p>\n\n\n\n<p>&#8220;No se observaron indicios de pensamientos suicidas, no es consumidor habitual de drogas. Mantiene poco v\u00ednculo con su familia, y&nbsp;<strong>respecto a su relaci\u00f3n con actividades delictivas, la profesional lo consider\u00f3 intermedio<\/strong>&#8220;, se lee en el informe que la psic\u00f3loga a cargo de la pericia entreg\u00f3 a las autoridades del penal de Ezeiza.<\/p>\n\n\n\n<p>Marcelo Corazza qued\u00f3 detenido el lunes 20 de marzo\u00a0tras seis allanamientos realizados en General Rodr\u00edguez y Tigre, provincia de Buenos Aires, y en la ciudad misionera de Ober\u00e1.<\/p>\n\n\n\n<p>Con \u00e9l quedaron detenidos otros tres hombres:&nbsp;<strong>Andr\u00e9s Fernando Charpenet, Ra\u00fal Ignacio Mermet y Francisco Rolando Angelotti<\/strong>, a quien sindican como el jefe de la organizaci\u00f3n dedicada a trata de personas con fines de explotaci\u00f3n sexual.<\/p>\n","protected":false},"excerpt":{"rendered":"<p>Detenido en el penal de Ezeiza, el exproductor de &#8220;Gran Hermano&#8221; contest\u00f3 las preguntas sobre su estado mental y su &#8220;relaci\u00f3n con actividades delictivas&#8221;. El\u00a0ex productor de &#8220;Gran Hermano&#8221; Marcelo&hellip; <\/p>\n","protected":false},"author":8,"featured_media":50405,"comment_status":"closed","ping_status":"open","sticky":false,"template":"","format":"standard","meta":{"footnotes":""},"categories":[5],"tags":[],"class_list":["post-50403","post","type-post","status-publish","format-standard","has-post-thumbnail","hentry","category-crimen-y-justicia"],"_links":{"self":[{"href":"https:\/\/corrientesdetarde.com\/index.php\/wp-json\/wp\/v2\/posts\/50403","targetHints":{"allow":["GET"]}}],"collection":[{"href":"https:\/\/corrientesdetarde.com\/index.php\/wp-json\/wp\/v2\/posts"}],"about":[{"href":"https:\/\/corrientesdetarde.com\/index.php\/wp-json\/wp\/v2\/types\/post"}],"author":[{"embeddable":true,"href":"https:\/\/corrientesdetarde.com\/index.php\/wp-json\/wp\/v2\/users\/8"}],"replies":[{"embeddable":true,"href":"https:\/\/corrientesdetarde.com\/index.php\/wp-json\/wp\/v2\/comments?post=50403"}],"version-history":[{"count":1,"href":"https:\/\/corrientesdetarde.com\/index.php\/wp-json\/wp\/v2\/posts\/50403\/revisions"}],"predecessor-version":[{"id":50406,"href":"https:\/\/corrientesdetarde.com\/index.php\/wp-json\/wp\/v2\/posts\/50403\/revisions\/50406"}],"wp:featuredmedia":[{"embeddable":true,"href":"https:\/\/corrientesdetarde.com\/index.php\/wp-json\/wp\/v2\/media\/50405"}],"wp:attachment":[{"href":"https:\/\/corrientesdetarde.com\/index.php\/wp-json\/wp\/v2\/media?parent=50403"}],"wp:term":[{"taxonomy":"category","embeddable":true,"href":"https:\/\/corrientesdetarde.com\/index.php\/wp-json\/wp\/v2\/categories?post=50403"},{"taxonomy":"post_tag","embeddable":true,"href":"https:\/\/corrientesdetarde.com\/index.php\/wp-json\/wp\/v2\/tags?post=50403"}],"curies":[{"name":"wp","href":"https:\/\/api.w.org\/{rel}","templated":true}]}}