{"id":50429,"date":"2023-03-29T08:13:44","date_gmt":"2023-03-29T11:13:44","guid":{"rendered":"https:\/\/corrientesdetarde.com\/?p=50429"},"modified":"2023-03-29T08:13:46","modified_gmt":"2023-03-29T11:13:46","slug":"como-estara-el-clima-este-miercoles-29-de-marzo-en-corrientes","status":"publish","type":"post","link":"https:\/\/corrientesdetarde.com\/index.php\/clima\/como-estara-el-clima-este-miercoles-29-de-marzo-en-corrientes\/","title":{"rendered":"\u00bfComo estar\u00e1 el Clima este mi\u00e9rcoles 29 de marzo en Corrientes?"},"content":{"rendered":"\n<p>El SMN emiti\u00f3 un alerta por posibles tormentas en el noroeste de Corrientes hacia la noche.<\/p>\n\n\n\n<p>Por la ma\u00f1ana se espera que la temperatura alcance los 23 \u00b0C, con cielo mayormente nublado y viento leve del Norte de entre 13 y 23 km\/h.<\/p>\n\n\n\n<p>Por la tarde, la m\u00e1xima del d\u00eda llegar\u00e1 a los 34 \u00b0C, con probabilidad de tormentas aisladas y viento leve del Noroeste de entre 13 y 22 km\/h.<\/p>\n\n\n\n<p>Para la noche, el SMN emiti\u00f3 un&nbsp;<strong>alerta por tormenta<\/strong>&nbsp;para&nbsp;<strong>Corrientes, Ber\u00f3n de Astrada, Empedrado, General Paz, Itat\u00ed, Mburucuy\u00e1, Saladas, San Cosme y San Luis del Palmar<\/strong>. El \u00e1rea ser\u00e1 afectada por tormentas algunas localmente fuertes, con abundante ca\u00edda de agua en cortos periodos, ocasional ca\u00edda de granizo, fuerte actividad el\u00e9ctrica y r\u00e1fagas. Se esperan valores de precipitaci\u00f3n acumulada entre 20 y 50 mm, pudiendo ser superados de manera puntual.<\/p>\n","protected":false},"excerpt":{"rendered":"<p>El SMN emiti\u00f3 un alerta por posibles tormentas en el noroeste de Corrientes hacia la noche. Por la ma\u00f1ana se espera que la temperatura alcance los 23 \u00b0C, con cielo&hellip; <\/p>\n","protected":false},"author":4,"featured_media":50430,"comment_status":"closed","ping_status":"open","sticky":false,"template":"","format":"standard","meta":{"footnotes":""},"categories":[29],"tags":[],"class_list":["post-50429","post","type-post","status-publish","format-standard","has-post-thumbnail","hentry","category-clima"],"_links":{"self":[{"href":"https:\/\/corrientesdetarde.com\/index.php\/wp-json\/wp\/v2\/posts\/50429","targetHints":{"allow":["GET"]}}],"collection":[{"href":"https:\/\/corrientesdetarde.com\/index.php\/wp-json\/wp\/v2\/posts"}],"about":[{"href":"https:\/\/corrientesdetarde.com\/index.php\/wp-json\/wp\/v2\/types\/post"}],"author":[{"embeddable":true,"href":"https:\/\/corrientesdetarde.com\/index.php\/wp-json\/wp\/v2\/users\/4"}],"replies":[{"embeddable":true,"href":"https:\/\/corrientesdetarde.com\/index.php\/wp-json\/wp\/v2\/comments?post=50429"}],"version-history":[{"count":1,"href":"https:\/\/corrientesdetarde.com\/index.php\/wp-json\/wp\/v2\/posts\/50429\/revisions"}],"predecessor-version":[{"id":50431,"href":"https:\/\/corrientesdetarde.com\/index.php\/wp-json\/wp\/v2\/posts\/50429\/revisions\/50431"}],"wp:featuredmedia":[{"embeddable":true,"href":"https:\/\/corrientesdetarde.com\/index.php\/wp-json\/wp\/v2\/media\/50430"}],"wp:attachment":[{"href":"https:\/\/corrientesdetarde.com\/index.php\/wp-json\/wp\/v2\/media?parent=50429"}],"wp:term":[{"taxonomy":"category","embeddable":true,"href":"https:\/\/corrientesdetarde.com\/index.php\/wp-json\/wp\/v2\/categories?post=50429"},{"taxonomy":"post_tag","embeddable":true,"href":"https:\/\/corrientesdetarde.com\/index.php\/wp-json\/wp\/v2\/tags?post=50429"}],"curies":[{"name":"wp","href":"https:\/\/api.w.org\/{rel}","templated":true}]}}