{"id":51521,"date":"2023-04-03T10:04:54","date_gmt":"2023-04-03T13:04:54","guid":{"rendered":"https:\/\/corrientesdetarde.com\/?p=51521"},"modified":"2023-04-03T10:04:57","modified_gmt":"2023-04-03T13:04:57","slug":"registraron-por-primera-vez-al-pajaro-campana-en-corrientes","status":"publish","type":"post","link":"https:\/\/corrientesdetarde.com\/index.php\/medio-ambiente\/registraron-por-primera-vez-al-pajaro-campana-en-corrientes\/","title":{"rendered":"Registraron por primera vez al p\u00e1jaro campana en Corrientes"},"content":{"rendered":"\n<p>Aunque tiene su distribuci\u00f3n actual en Paraguay y Brasil, la Selva Paranaense se encuentra comprendida dentro de los movimientos estacionales y longitudinales que realiza esta especie en forma escasa hacia la argentina.\u00a0\u00a0<\/p>\n\n\n\n<p>Dieron a conocer el primer registro del p\u00e1jaro campana (Procnias nudicollis) en Corrientes. Se detect\u00f3 al individuo en primavera a partir inicialmente de su vocalizaci\u00f3n, y luego fue observado.&nbsp;<\/p>\n\n\n\n<p>El ejemplar permaneci\u00f3 en la zona desde la ma\u00f1ana hasta \u00faltimas horas de la tarde, abandonando el lugar al otro d\u00eda. El hallazgo fue recientemente publicado en la revista Nuestras Aves, por Alejandro Valent\u00edn Franzoy (EcoRegistros) y Jorge La Grotter\u00eda (Comit\u00e9 Argentino de Registros Ornitol\u00f3gicos).&nbsp;<\/p>\n\n\n\n<p>El 22 de octubre de 2022&nbsp;alrededor de las 8:30 de la ma\u00f1ana se detect\u00f3 un ejemplar de p\u00e1jaro campana a partir de su vocalizaci\u00f3n&nbsp;<strong>en el casco de la Estancia Boquer\u00f3n, a unos 20 km al norte de la localidad de Santo Tom\u00e9, Corrientes<\/strong>. El individuo era un macho adulto y se encontraba en un Yvapoy (Ficus luschnathian) que estaba con frutos.&nbsp;<\/p>\n\n\n\n<p><strong>El individuo emiti\u00f3 su canto t\u00edpico desde la ma\u00f1ana hasta horas del atardecer<\/strong>. Observaron y fotografiaron al individuo mientras vocalizaba y se alimentaba de dichos frutos.&nbsp;<\/p>\n\n\n\n<p>Si bien se alejaba en algunos momentos a mogotes de Selva Paranaense lindantes al casco, luego volv\u00eda al mismo \u00e1rbol. &nbsp;<\/p>\n\n\n\n<p>Al &nbsp;otro &nbsp;d\u00eda, &nbsp;pese &nbsp;a &nbsp;los &nbsp;esfuerzos &nbsp;en &nbsp;su &nbsp;b\u00fasqueda en el casco y zonas circundantes, no pudieron volver a verlo.&nbsp;<\/p>\n\n\n\n<p>Esta especie ha sido calificada como&nbsp;<strong>amenazada de extinci\u00f3n en grado vulnerable&nbsp;<\/strong>por la Uni\u00f3n Internacional para la Conservaci\u00f3n de la Naturaleza (Iucn) debido a que su poblaci\u00f3n total, estimada entre 3.500 y 15.000 individuos, se considera estar en r\u00e1pida decadencia debido a la combinaci\u00f3n de p\u00e9rdida de h\u00e1bitat por el aumento de las tasas de deforestaci\u00f3n y la captura para el comercio ilegal de aves de jaula.<\/p>\n\n\n\n<p>La Estancia Boquer\u00f3n se encuentra en el distrito de Campos y Malezales, propiedad de la familia Schneider. La estancia est\u00e1 dedicada a la ganader\u00eda con pastizales y capones de selva paranaense, ubicada entre los ba\u00f1ados Pariopa y Iviraocay. La zona est\u00e1 ampliamente forestada por Pinus sp., aunque dicho predio no posee forestaciones. &nbsp;<\/p>\n\n\n\n<p><strong>Este &nbsp;registro de Franzoy y La Grotter\u00eda constituye &nbsp;la &nbsp;primera &nbsp;evidencia &nbsp;para &nbsp;la provincia de Corrientes<\/strong>. A su vez, la fecha del registro y escasa permanencia en el lugar se encuentran comprendidas dentro de los movimientos estacionales y longitudinales que realiza esta especie en forma escasa hacia la Argentina.<\/p>\n\n\n\n<p>Los llamados del macho, que pueden ser o\u00eddos de lejos, delatan su presencia, as\u00ed mismo puede ser dif\u00edcil de localizar, ya que tiende a permanecer en el follaje denso, adem\u00e1s, su voz tiene una calidad ventr\u00edlocua. Emite dos vocalizaciones principales, un grito muy fuerte \u201ct\u00e9ng!\u201d, como un martillazo en una bigornia, dado con el pico todo abierto, y una serie de 6-8 notas met\u00e1licas m\u00e1s suaves \u201ccl\u00e9nk\u201d dadas con el pico cerrado, aunque la garganta est\u00e1 visiblemente pulsando.<\/p>\n\n\n\n<p>El p\u00e1jaro campana (Procnias nudicollis) es un cot\u00edngido, robusto, que se encuentra categorizado como \u201cCasi Amenazada\u201d a &nbsp;nivel &nbsp;internacional &nbsp;y &nbsp;\u201cEn &nbsp;Peligro\u201d &nbsp;a &nbsp;nivel &nbsp;nacional. &nbsp;Se distribuye al este de Brasil, este de Paraguay y nordeste de Argentina, con varias citas y observaciones para la provincia de Misiones y una \u00fanica cita para Corrientes.&nbsp;<\/p>\n\n\n\n<p>Esta \u00faltima cita se trata de una \u00fanica observaci\u00f3n realizada en enero de 1977 en la costa del Alto Paran\u00e1, ambiente natural que ha sido totalmente modificado por la construcci\u00f3n de la presa de Yacyret\u00e1. M\u00e1s tarde, Herrera aclar\u00f3 que este registro fue realizado por J. y A. Contreras, quienes observaron una pareja en el Rinc\u00f3n de Santa Mar\u00eda, Paso Mbaracay\u00e1, departamento Ituzaing\u00f3. Posteriormente Chebez (2008) agrega: \u201cque el avistaje en Rinc\u00f3n Santa Mar\u00eda fue antes del llenado del embalse de Yacyret\u00e1, en base a una comunicaci\u00f3n personal de J Contreras\u201d.&nbsp;<\/p>\n\n\n\n<p><strong>El p\u00e1jaro campana posee un notable dimorfismo sexual<\/strong>. &nbsp;Al &nbsp;alcanzar &nbsp;la &nbsp;madurez &nbsp;sexual, &nbsp;el &nbsp;macho es completamente blanco con excepci\u00f3n de la cabeza y garganta, que son celeste-verdosas, mientras que la hembra es de menor tama\u00f1o, con dorso oliv\u00e1ceo, y ventral amarillento con fino estriado verde. La cabeza es algo cenicienta al igual que la garganta, la cual est\u00e1 levemente estriada de negro.&nbsp;<\/p>\n\n\n\n<p>Tanto el macho como la hembra poseen el iris oscuro, el pico negruzco y las patas gris\u00e1ceas. El juvenil posee un plumaje similar a la hembra adulta, aunque el inmaduro posee un capuch\u00f3n oscuro<\/p>\n","protected":false},"excerpt":{"rendered":"<p>Aunque tiene su distribuci\u00f3n actual en Paraguay y Brasil, la Selva Paranaense se encuentra comprendida dentro de los movimientos estacionales y longitudinales que realiza esta especie en forma escasa hacia&hellip; <\/p>\n","protected":false},"author":3,"featured_media":51522,"comment_status":"closed","ping_status":"open","sticky":false,"template":"","format":"standard","meta":{"footnotes":""},"categories":[6],"tags":[],"class_list":["post-51521","post","type-post","status-publish","format-standard","has-post-thumbnail","hentry","category-medio-ambiente"],"_links":{"self":[{"href":"https:\/\/corrientesdetarde.com\/index.php\/wp-json\/wp\/v2\/posts\/51521","targetHints":{"allow":["GET"]}}],"collection":[{"href":"https:\/\/corrientesdetarde.com\/index.php\/wp-json\/wp\/v2\/posts"}],"about":[{"href":"https:\/\/corrientesdetarde.com\/index.php\/wp-json\/wp\/v2\/types\/post"}],"author":[{"embeddable":true,"href":"https:\/\/corrientesdetarde.com\/index.php\/wp-json\/wp\/v2\/users\/3"}],"replies":[{"embeddable":true,"href":"https:\/\/corrientesdetarde.com\/index.php\/wp-json\/wp\/v2\/comments?post=51521"}],"version-history":[{"count":1,"href":"https:\/\/corrientesdetarde.com\/index.php\/wp-json\/wp\/v2\/posts\/51521\/revisions"}],"predecessor-version":[{"id":51523,"href":"https:\/\/corrientesdetarde.com\/index.php\/wp-json\/wp\/v2\/posts\/51521\/revisions\/51523"}],"wp:featuredmedia":[{"embeddable":true,"href":"https:\/\/corrientesdetarde.com\/index.php\/wp-json\/wp\/v2\/media\/51522"}],"wp:attachment":[{"href":"https:\/\/corrientesdetarde.com\/index.php\/wp-json\/wp\/v2\/media?parent=51521"}],"wp:term":[{"taxonomy":"category","embeddable":true,"href":"https:\/\/corrientesdetarde.com\/index.php\/wp-json\/wp\/v2\/categories?post=51521"},{"taxonomy":"post_tag","embeddable":true,"href":"https:\/\/corrientesdetarde.com\/index.php\/wp-json\/wp\/v2\/tags?post=51521"}],"curies":[{"name":"wp","href":"https:\/\/api.w.org\/{rel}","templated":true}]}}