{"id":52161,"date":"2023-04-06T12:15:14","date_gmt":"2023-04-06T15:15:14","guid":{"rendered":"https:\/\/corrientesdetarde.com\/?p=52161"},"modified":"2023-04-06T12:15:17","modified_gmt":"2023-04-06T15:15:17","slug":"hugh-jackman-dio-negativo-en-sus-dos-biopsias-y-le-dijo-adios-al-cancer-de-piel","status":"publish","type":"post","link":"https:\/\/corrientesdetarde.com\/index.php\/espectaculos\/hugh-jackman-dio-negativo-en-sus-dos-biopsias-y-le-dijo-adios-al-cancer-de-piel\/","title":{"rendered":"Hugh Jackman dio negativo en sus dos biopsias y le dijo adi\u00f3s al c\u00e1ncer de piel"},"content":{"rendered":"\n<p>El actor australiano&nbsp;<strong>Hugh Jackman anunci\u00f3 este jueves que dio negativo en las dos biopsias a las que se someti\u00f3 ante el riesgo de padecer c\u00e9lulas basales<\/strong>, una forma de c\u00e1ncer de piel que lo persigue desde hace a\u00f1os.<\/p>\n\n\n\n<p>\u201c<strong>Gracias a todos por el cari\u00f1o (&#8230;) Por favor, recuerden ponerse protector solar -sin importar la estaci\u00f3n-<\/strong>\u201d, indic\u00f3 en un mensaje en Instagram el actor, de 54 a\u00f1os, quien se prepara para encarnar de nuevo a&nbsp;<strong>Wolverine<\/strong>, personaje de la saga cinematogr\u00e1fica \u201c<strong>X-Men<\/strong>\u201d, en el filme<strong>&nbsp;Deadpool 3<\/strong>.<\/p>\n\n\n\n<p>Jackman inform\u00f3 el martes en un v\u00eddeo, donde aparec\u00eda con un peque\u00f1o ap\u00f3sito en la nariz, que se hab\u00eda sometido a dos biopsias despu\u00e9s de que su doctor detectara peque\u00f1os puntos que \u201cpodr\u00edan o no\u201d ser&nbsp;<strong>carcinomas de c\u00e9lulas basales.<\/strong><\/p>\n\n\n\n<p>Este carcinoma, que suele aparecer como un bulto ligeramente transparente en la cabeza o el cuello y se cree que se produce por una exposici\u00f3n prolongada a los rayos ultravioleta,&nbsp;<strong>es un c\u00e1ncer con menos probabilidades de propagarse<\/strong>, a diferencia del melanoma.<\/p>\n\n\n\n<p>Desde 2013,&nbsp;<strong>Jackman se ha sometido a seis intervenciones quir\u00fargicas para eliminar carcinomas de c\u00e9lulas basales<\/strong>.<\/p>\n\n\n\n<p><img loading=\"lazy\" decoding=\"async\" alt=\"Jackman inform\u00f3 el martes en un v\u00eddeo, donde aparec\u00eda con un peque\u00f1o ap\u00f3sito en la nariz, que se hab\u00eda sometido a dos biopsias despu\u00e9s de que su doctor detectara peque\u00f1os puntos que \u201cpodr\u00edan o no\u201d ser carcinomas de c\u00e9lulas basales. (REUTERS)\" height=\"5457\" width=\"7754\" class=\"\" src=\"https:\/\/cloudfront-us-east-1.images.arcpublishing.com\/infobae\/Q3LIHFAMPPO3NNRFDVQUPCBHR4.jpg\" srcset=\"https:\/\/www.infobae.com\/new-resizer\/gU8fwo1PSnpQ-hqsjkj1JD-Xtbg=\/420x280\/filters:format(webp):quality(85)\/cloudfront-us-east-1.images.arcpublishing.com\/infobae\/Q3LIHFAMPPO3NNRFDVQUPCBHR4.jpg 420w,https:\/\/www.infobae.com\/new-resizer\/q5LCGyH7RZxZlLZNR5GJ0k4qKeQ=\/768x512\/filters:format(webp):quality(85)\/cloudfront-us-east-1.images.arcpublishing.com\/infobae\/Q3LIHFAMPPO3NNRFDVQUPCBHR4.jpg 768w,https:\/\/www.infobae.com\/new-resizer\/CXya9doty5joZOJ5ctTVnGeau9Q=\/992x661\/filters:format(webp):quality(85)\/cloudfront-us-east-1.images.arcpublishing.com\/infobae\/Q3LIHFAMPPO3NNRFDVQUPCBHR4.jpg 992w,https:\/\/www.infobae.com\/new-resizer\/mirRDMD9pS_jWoL6D-6vOms7D38=\/1200x800\/filters:format(webp):quality(85)\/cloudfront-us-east-1.images.arcpublishing.com\/infobae\/Q3LIHFAMPPO3NNRFDVQUPCBHR4.jpg 1200w,https:\/\/www.infobae.com\/new-resizer\/r0Ka82ajQBz39RX1nybBWPayQjs=\/1440x960\/filters:format(webp):quality(85)\/cloudfront-us-east-1.images.arcpublishing.com\/infobae\/Q3LIHFAMPPO3NNRFDVQUPCBHR4.jpg 1440w\">Jackman inform\u00f3 el martes en un v\u00eddeo, donde aparec\u00eda con un peque\u00f1o ap\u00f3sito en la nariz, que se hab\u00eda sometido a dos biopsias despu\u00e9s de que su doctor detectara peque\u00f1os puntos que \u201cpodr\u00edan o no\u201d ser carcinomas de c\u00e9lulas basales. (REUTERS)<\/p>\n\n\n\n<p>Australia es uno de los pa\u00edses del mundo donde su poblaci\u00f3n registra un mayor n\u00famero de c\u00e1ncer de piel, y, seg\u00fan la ONG&nbsp;<strong>Skin Check Champions<\/strong>, dos de cada tres personas en el pa\u00eds presenta este tipo de patolog\u00eda.<\/p>\n\n\n\n<h2 class=\"wp-block-heading\">Deadpool 3<\/h2>\n\n\n\n<p>A pesar de que hab\u00eda asegurado que no volver\u00eda a interpretar m\u00e1s a&nbsp;<strong>Wolverine<\/strong>, Hugh Jackman volver\u00e1 a calzarse el traje de este mutante para la pel\u00edcula Deadpool 3 donde act\u00faa su \u00edntimo amigo&nbsp;<strong>Ryan Reynolds.<\/strong><\/p>\n\n\n\n<p>Este film se ubicar\u00e1 temporalmente antes de los sucesos relatados en la pel\u00edcula<em><strong>&nbsp;Logan&nbsp;<\/strong><\/em>(2017) donde el personajes tiene un final cerrado en el a\u00f1o 2029 cuando los&nbsp;<strong>X-Men<\/strong>&nbsp;se terminan separando.<\/p>\n\n\n\n<p>Por esta raz\u00f3n, Jackman decidi\u00f3 hablar con el director de aquel film,&nbsp;<strong>James Mangold<\/strong>&nbsp;antes de barajar la idea de hacer resurgir a Wolverine.<\/p>\n\n\n\n<p>\u201cLe dije a James que esta entrega iba a suceder antes de nuestra pel\u00edcula, as\u00ed que no iba a estropearlo, como si fueran garras saliendo de la tumba. Se sinti\u00f3 aliviado por eso, y lo entendi\u00f3 totalmente, que era una muy buena idea. Ninguno de nosotros quer\u00eda arruinar eso, estaba muy orgulloso de la pel\u00edcula y de lo que hicimos\u201d, afirm\u00f3 el actor en el podcast exclusivo del medio&nbsp;<em>Empire<\/em>, The playlist.<\/p>\n\n\n\n<p><img loading=\"lazy\" decoding=\"async\" height=\"383\" width=\"681\" srcset=\"https:\/\/www.infobae.com\/new-resizer\/YmOcgB_wq-0BRwnWUtabVCB2bbs=\/420x236\/filters:format(webp):quality(85)\/cloudfront-us-east-1.images.arcpublishing.com\/infobae\/JZIGUUNI6RHWXH5OUORX3H45FY.png 420w,https:\/\/www.infobae.com\/new-resizer\/95yK9zRRJ7vyavWRy6EDkyTox84=\/768x432\/filters:format(webp):quality(85)\/cloudfront-us-east-1.images.arcpublishing.com\/infobae\/JZIGUUNI6RHWXH5OUORX3H45FY.png 768w,https:\/\/www.infobae.com\/new-resizer\/mi19BcPMNCmsCM4xBmAZFFqzVv8=\/992x558\/filters:format(webp):quality(85)\/cloudfront-us-east-1.images.arcpublishing.com\/infobae\/JZIGUUNI6RHWXH5OUORX3H45FY.png 992w,https:\/\/www.infobae.com\/new-resizer\/WFAmgVb7z12sPHn7Tb1IkNaZJcA=\/1200x675\/filters:format(webp):quality(85)\/cloudfront-us-east-1.images.arcpublishing.com\/infobae\/JZIGUUNI6RHWXH5OUORX3H45FY.png 1200w,https:\/\/www.infobae.com\/new-resizer\/X4iClRmmJZvHWxrVWrM1n0YB8CI=\/1440x810\/filters:format(webp):quality(85)\/cloudfront-us-east-1.images.arcpublishing.com\/infobae\/JZIGUUNI6RHWXH5OUORX3H45FY.png 1440w\" class=\"\" src=\"https:\/\/cloudfront-us-east-1.images.arcpublishing.com\/infobae\/JZIGUUNI6RHWXH5OUORX3H45FY.png\" alt=\"A pesar de que hab\u00eda asegurado que no volver\u00eda a interpretar m\u00e1s a Wolverine, Hugh Jackman volver\u00e1 a calzarse el traje de este mutante para la pel\u00edcula Deadpool 3 donde act\u00faa su \u00edntimo amigo Ryan Reynolds.\"><\/p>\n\n\n\n<p>A pesar de que hab\u00eda asegurado que no volver\u00eda a interpretar m\u00e1s a Wolverine, Hugh Jackman volver\u00e1 a calzarse el traje de este mutante para la pel\u00edcula Deadpool 3 donde act\u00faa su \u00edntimo amigo Ryan Reynolds.<\/p>\n\n\n\n<p>Seg\u00fan trascendi\u00f3,&nbsp;<strong>Deadpool 3<\/strong>&nbsp;(que tiene previsto su estreno para el 8 de noviembre de 2024)ser\u00e1 una especie de<em>&nbsp;road movie<\/em>&nbsp;en la que el p\u00fablico ser\u00e1 testigo del odio entre&nbsp;<strong>Wade Wilson y Wolverine<\/strong>.<\/p>\n\n\n\n<p>\u201c\u00bfC\u00f3mo lo clasifico? Diez es ser muy amigos, cero es la realidad, somos cero. Somos opuestos, nos odiamos. Esto lo estoy diciendo desde la perspectiva de mi personaje, claro: Logan est\u00e1 frustrado por \u00e9l, quiere estar a un mill\u00f3n de millas de \u00e9l o quiere darle un pu\u00f1etazo en la cabeza. Desafortunadamente, no puede estar a un mill\u00f3n de millas de \u00e9l en esta pel\u00edcula, as\u00ed que probablemente lo golpear\u00e9 mucho en la cabeza\u201d, dijo entre risas y bromas el actor australiano en la entrevista.<\/p>\n","protected":false},"excerpt":{"rendered":"<p>El actor australiano&nbsp;Hugh Jackman anunci\u00f3 este jueves que dio negativo en las dos biopsias a las que se someti\u00f3 ante el riesgo de padecer c\u00e9lulas basales, una forma de c\u00e1ncer&hellip; <\/p>\n","protected":false},"author":1,"featured_media":52162,"comment_status":"closed","ping_status":"open","sticky":false,"template":"","format":"standard","meta":{"footnotes":""},"categories":[19],"tags":[],"class_list":["post-52161","post","type-post","status-publish","format-standard","has-post-thumbnail","hentry","category-espectaculos"],"_links":{"self":[{"href":"https:\/\/corrientesdetarde.com\/index.php\/wp-json\/wp\/v2\/posts\/52161","targetHints":{"allow":["GET"]}}],"collection":[{"href":"https:\/\/corrientesdetarde.com\/index.php\/wp-json\/wp\/v2\/posts"}],"about":[{"href":"https:\/\/corrientesdetarde.com\/index.php\/wp-json\/wp\/v2\/types\/post"}],"author":[{"embeddable":true,"href":"https:\/\/corrientesdetarde.com\/index.php\/wp-json\/wp\/v2\/users\/1"}],"replies":[{"embeddable":true,"href":"https:\/\/corrientesdetarde.com\/index.php\/wp-json\/wp\/v2\/comments?post=52161"}],"version-history":[{"count":1,"href":"https:\/\/corrientesdetarde.com\/index.php\/wp-json\/wp\/v2\/posts\/52161\/revisions"}],"predecessor-version":[{"id":52163,"href":"https:\/\/corrientesdetarde.com\/index.php\/wp-json\/wp\/v2\/posts\/52161\/revisions\/52163"}],"wp:featuredmedia":[{"embeddable":true,"href":"https:\/\/corrientesdetarde.com\/index.php\/wp-json\/wp\/v2\/media\/52162"}],"wp:attachment":[{"href":"https:\/\/corrientesdetarde.com\/index.php\/wp-json\/wp\/v2\/media?parent=52161"}],"wp:term":[{"taxonomy":"category","embeddable":true,"href":"https:\/\/corrientesdetarde.com\/index.php\/wp-json\/wp\/v2\/categories?post=52161"},{"taxonomy":"post_tag","embeddable":true,"href":"https:\/\/corrientesdetarde.com\/index.php\/wp-json\/wp\/v2\/tags?post=52161"}],"curies":[{"name":"wp","href":"https:\/\/api.w.org\/{rel}","templated":true}]}}