{"id":52164,"date":"2023-04-06T12:41:51","date_gmt":"2023-04-06T15:41:51","guid":{"rendered":"https:\/\/corrientesdetarde.com\/?p=52164"},"modified":"2023-04-06T12:41:55","modified_gmt":"2023-04-06T15:41:55","slug":"las-cinco-explicaciones-de-los-expertos-sobre-por-que-se-repiten-los-ataques-en-las-escuelas-de-brasil","status":"publish","type":"post","link":"https:\/\/corrientesdetarde.com\/index.php\/crimen-y-justicia\/las-cinco-explicaciones-de-los-expertos-sobre-por-que-se-repiten-los-ataques-en-las-escuelas-de-brasil\/","title":{"rendered":"Las cinco explicaciones de los expertos sobre por qu\u00e9 se repiten los ataques en las escuelas de Brasil"},"content":{"rendered":"\n<p>Brasil vivi\u00f3 este mi\u00e9rcoles una\u00a0<strong>nueva tragedia escolar, la segunda en d\u00edez d\u00edas<\/strong>, con el\u00a0asesinato de cuatro ni\u00f1os a manos de un hombre de 25 a\u00f1os con un hacha\u00a0en una escuela infantil de la ciudad de\u00a0<strong>Blumenau<\/strong>, en el sur del pa\u00eds. El asaltante, que se entreg\u00f3 a las autoridades tras el ataque,\u00a0<strong>hiri\u00f3 adem\u00e1s a otros cuatro menores<\/strong>, que tuvieron que pasar por el quir\u00f3fano, aunque est\u00e1n fuera de peligro con un cuadro cl\u00ednico \u201cestable\u201d, seg\u00fan informaron fuentes oficiales.<\/p>\n\n\n\n<p>Las v\u00edctimas mortales son&nbsp;<strong>tres ni\u00f1os y una ni\u00f1a<\/strong>&nbsp;de hasta siete a\u00f1os de edad. \u201cTodos eran hijos \u00fanicos\u201d, afirm\u00f3 el alcalde de Blumenau,&nbsp;<strong>M\u00e1rio Hildebrandt<\/strong>, en rueda de prensa.<\/p>\n\n\n\n<p>El suceso ocurri\u00f3 sobre las 09:00 hora local (12:00 GMT) en la guarder\u00eda y colegio infantil&nbsp;<strong>Cantinho Bom Pastor<\/strong>, un centro privado, en el que hab\u00eda 40 ni\u00f1os en su interior.<\/p>\n\n\n\n<p>El agresor, identificado como\u00a0<strong>Luiz Henrique de Lima<\/strong>\u00a0y quien ten\u00eda antecedentes penales,<strong>\u00a0lleg\u00f3 en moto, salt\u00f3 el muro de la escuela y comenz\u00f3 a atacar a los ni\u00f1os de forma aleatoria con un hacha peque\u00f1a<\/strong>, de acuerdo a la versi\u00f3n oficial. Posteriormente, huy\u00f3 saltando de nuevo el muro por el que hab\u00eda entrado y se entreg\u00f3 en un cuartel de la Polic\u00eda Militar cercano. Se desconoce si declar\u00f3 algo sobre sus brutales cr\u00edmenes.<\/p>\n\n\n\n<p>Ante esta situaci\u00f3n, surge el interrogante inevitable:&nbsp;<strong>\u00bfPor qu\u00e9 se repiten los ataques en las escuelas de Brasil?<\/strong>&nbsp;El peri\u00f3dico local&nbsp;<em>Estadao<\/em>&nbsp;convers\u00f3 con expertos que dieron cinco razones y, si bien cada tr\u00e1gico atentado en una escuela tiene una historia y un perfil espec\u00edficos del agresor que est\u00e1 detr\u00e1s, hay&nbsp;<strong>unanimidad<\/strong>&nbsp;en afirmar que&nbsp;<strong>factores sociales y culturales existentes en la sociedad brasile\u00f1a&nbsp;<\/strong>pueden estar relacionados con el aumento de este tipo de hechos en el pa\u00eds.<\/p>\n\n\n\n<h2 class=\"wp-block-heading\">Intolerancia y violencia<\/h2>\n\n\n\n<p>La primera raz\u00f3n es la \u201c<strong>Promoci\u00f3n de la intolerancia y valorizaci\u00f3n de la \u2018cultura de la violencia\u2019<\/strong>\u201d. Aqu\u00ed los especialistas concidieron en indicar que el escenario social y pol\u00edtico brasile\u00f1o -con creciente intolerancia y polarizaci\u00f3n- funciona como un incentivo para actos violentos de todo tipo, especialmente para personas con alg\u00fan historial o predisposici\u00f3n a este tipo de conductas.<\/p>\n\n\n\n<p>\u201cEstamos en un pa\u00eds que tiene los&nbsp;<strong>\u00edndices m\u00e1s altos de violencia<\/strong>&nbsp;en el tr\u00e1nsito, contra las mujeres, contra las minor\u00edas, contra las personas transg\u00e9nero.<strong>&nbsp;Somos una sociedad violenta<\/strong>, y es m\u00e1s intolerante y polarizada. La polarizaci\u00f3n y la intolerancia son ingredientes de una cultura beligerante, de hostilidad, de exterminio del enemigo. Todo eso alimenta m\u00e1s violencia\u201d, expres\u00f3 el psiquiatra&nbsp;<strong>Daniel Martins de Barros<\/strong>, columnista de&nbsp;<em>Estadao<\/em>.<\/p>\n\n\n\n<p><img loading=\"lazy\" decoding=\"async\" alt=\"Una familia deja flores en la puerta del establecimiento educativo (REUTERS\/Vinicius Bretzke)\" height=\"3558\" width=\"5337\" class=\"\" src=\"https:\/\/cloudfront-us-east-1.images.arcpublishing.com\/infobae\/XWRZIGQI4ZQ42SABZ5MHWIM3YM.jpg\" srcset=\"https:\/\/www.infobae.com\/new-resizer\/HpepMC1hvZ50UDBvCnIDgnT4gw8=\/420x280\/filters:format(webp):quality(85)\/cloudfront-us-east-1.images.arcpublishing.com\/infobae\/XWRZIGQI4ZQ42SABZ5MHWIM3YM.jpg 420w,https:\/\/www.infobae.com\/new-resizer\/bDpHAByut_pSNZyQlHBz3Gs7JrI=\/768x512\/filters:format(webp):quality(85)\/cloudfront-us-east-1.images.arcpublishing.com\/infobae\/XWRZIGQI4ZQ42SABZ5MHWIM3YM.jpg 768w,https:\/\/www.infobae.com\/new-resizer\/XA0NT2BvQABk51KtEVeZ6WtqAsQ=\/992x661\/filters:format(webp):quality(85)\/cloudfront-us-east-1.images.arcpublishing.com\/infobae\/XWRZIGQI4ZQ42SABZ5MHWIM3YM.jpg 992w,https:\/\/www.infobae.com\/new-resizer\/8aMrPz80N9dzBQLSDOrbBsJsmvQ=\/1200x800\/filters:format(webp):quality(85)\/cloudfront-us-east-1.images.arcpublishing.com\/infobae\/XWRZIGQI4ZQ42SABZ5MHWIM3YM.jpg 1200w,https:\/\/www.infobae.com\/new-resizer\/AvJABprI_9h4ftEC2wu5yIx72Ic=\/1440x960\/filters:format(webp):quality(85)\/cloudfront-us-east-1.images.arcpublishing.com\/infobae\/XWRZIGQI4ZQ42SABZ5MHWIM3YM.jpg 1440w\">Una familia deja flores en la puerta del establecimiento educativo (REUTERS\/Vinicius Bretzke)<\/p>\n\n\n\n<h2 class=\"wp-block-heading\">Grupos de odio y radicalizaci\u00f3n<\/h2>\n\n\n\n<p>La segunda explicaci\u00f3n es el \u201c<strong>Crecimiento y radicalizaci\u00f3n de los grupos de odio en Internet<\/strong>\u201d. En este punto,&nbsp;<strong>Michele Prado<\/strong>, investigadora del grupo Debate Pol\u00edtico en Medios Digitales de la Universidad de San Pablo, manifest\u00f3: \u201cHace tiempo que tenemos extremismos y discursos de odio, con deshumanizaci\u00f3n de otros grupos sociales y discursos supremacistas.&nbsp;<strong>Pero esto lleg\u00f3 al debate p\u00fablico, el extremismo lleg\u00f3 al&nbsp;<\/strong><em><strong>mainstream<\/strong><\/em><strong>&nbsp;porque hubo una normalizaci\u00f3n de los discursos nocivos<\/strong>. Eso lleva a m\u00e1s personas a los extremos\u201d, respondi\u00f3 consultada por el diario citado.<\/p>\n\n\n\n<h2 class=\"wp-block-heading\">Relaciones distantes<\/h2>\n\n\n\n<p>El tercer \u00edtem se\u00f1alado es lo que&nbsp;<em>Estadao<\/em>, tras consultar a expertos, denomin\u00f3 \u201c<strong>Distanciamiento en las relaciones y debilitamiento del afecto<\/strong>\u201d. El psic\u00f3logo&nbsp;<strong>Timoteo Madaleno Vieira<\/strong>, profesor del Instituto Federal de Goi\u00e1s (IFG), dijo que vivimos un&nbsp;<strong>per\u00edodo de transici\u00f3n<\/strong>&nbsp;de una sociedad m\u00e1s tradicional para un escenario de mayor libertad y priorizaci\u00f3n de las demandas y deseos individuales. En este contexto, sin embargo,&nbsp;<strong>se puede perder el afecto y el cuidado por el otro<\/strong>, lo que aumenta los sentimientos de abandono, rechazo y soledad.<\/p>\n\n\n\n<h2 class=\"wp-block-heading\">Salud mental<\/h2>\n\n\n\n<p>El \u201c<strong>Empeoramiento de la salud mental de la sociedad<\/strong>\u201d es el cuatro punto.&nbsp;<strong>Gustavo Estanislau<\/strong>, psiquiatra de ni\u00f1os y adolescentes del Instituto Ame Sua Mente, sostuvo que hay \u201cdatos concretos de que los estados de alerta asociados a la pandemia han elevado los niveles de estr\u00e9s, aumentado las quejas de depresi\u00f3n y ansiedad, y llevado a los j\u00f3venes en particular a actuar de manera m\u00e1s impulsiva y agresiva\u201d.<\/p>\n\n\n\n<p><img loading=\"lazy\" decoding=\"async\" alt=\"El interior de la guarder\u00eda despu\u00e9s de que un hombre de 25 a\u00f1os atac\u00f3 a los ni\u00f1os en Blumenau (REUTERS\/Vinicius Bretzke)\" height=\"527\" width=\"800\" class=\"\" src=\"https:\/\/cloudfront-us-east-1.images.arcpublishing.com\/infobae\/CQ6Q2M4A6VLV2GPXIDD2F4OMGQ.jpg\" srcset=\"https:\/\/www.infobae.com\/new-resizer\/a7s7pgKWJxfLki0BpZ_8ifRZecA=\/420x280\/filters:format(webp):quality(85)\/cloudfront-us-east-1.images.arcpublishing.com\/infobae\/CQ6Q2M4A6VLV2GPXIDD2F4OMGQ.jpg 420w,https:\/\/www.infobae.com\/new-resizer\/NKkOzaMZ_HSXptMok7U2D-SHVnA=\/768x512\/filters:format(webp):quality(85)\/cloudfront-us-east-1.images.arcpublishing.com\/infobae\/CQ6Q2M4A6VLV2GPXIDD2F4OMGQ.jpg 768w,https:\/\/www.infobae.com\/new-resizer\/ce34krm6Yp6zgtehTTbSurcOc-c=\/992x661\/filters:format(webp):quality(85)\/cloudfront-us-east-1.images.arcpublishing.com\/infobae\/CQ6Q2M4A6VLV2GPXIDD2F4OMGQ.jpg 992w,https:\/\/www.infobae.com\/new-resizer\/3l5IGUwwooonHY6hNkOqffzS3Oc=\/1200x800\/filters:format(webp):quality(85)\/cloudfront-us-east-1.images.arcpublishing.com\/infobae\/CQ6Q2M4A6VLV2GPXIDD2F4OMGQ.jpg 1200w,https:\/\/www.infobae.com\/new-resizer\/JTktfQE-pYAgGIMEcMzrjHlIn0U=\/1440x960\/filters:format(webp):quality(85)\/cloudfront-us-east-1.images.arcpublishing.com\/infobae\/CQ6Q2M4A6VLV2GPXIDD2F4OMGQ.jpg 1440w\">El interior de la guarder\u00eda despu\u00e9s de que un hombre de 25 a\u00f1os atac\u00f3 a los ni\u00f1os en Blumenau (REUTERS\/Vinicius Bretzke)<\/p>\n\n\n\n<h2 class=\"wp-block-heading\">Efecto contagio<\/h2>\n\n\n\n<p>Por \u00faltimo, se se\u00f1al\u00f3 \u201c<strong>El efecto contagio<\/strong>\u201d, es decir, un&nbsp;<strong>aumento de actos violentos motivados por otros delitos similares<\/strong>&nbsp;cometidos en un per\u00edodo reciente. En el contexto actual, de amplia y r\u00e1pida difusi\u00f3n de los ataques a trav\u00e9s de la prensa y las redes sociales, la forma en que se presentan los casos puede llevar a otras personas ya vulnerables o miembros de grupos extremistas a inspirarse y repetir esta conducta. \u201cDependiendo de c\u00f3mo se d\u00e9 a conocer el hecho, un individuo con un perfil de empat\u00eda menos desarrollado puede sentirse validado por este tipo de conductas\u201d, concluy\u00f3 Estanislau.<\/p>\n\n\n\n<p>Adem\u00e1s del de este mi\u00e9rcoles y del ocurrido hace 10 d\u00edas,&nbsp;<strong>Brasil ha tenido una serie de ataques a escuelas similares en los \u00faltimos meses<\/strong>. El pasado 25 de noviembre un adolescente de 16 a\u00f1os mat\u00f3 a tiros a cuatro personas en dos ataques sucesivos a dos escuelas cercanas en Aracruz, en el estado de Esp\u00edritu Santo (sureste).<\/p>\n\n\n\n<p>Dos meses antes, un hombre armado con un rev\u00f3lver y dos cuchillos invadi\u00f3 una escuela c\u00edvico-militar y mat\u00f3 a una estudiante con discapacidad, en el estado de Bah\u00eda (noreste).<\/p>\n\n\n\n<p>Ya el 13 de marzo de 2019 dos antiguos alumnos entraron en una escuela de la ciudad de Suzano, a unos 60 kil\u00f3metros de Sao Paulo, asesinaron a cinco estudiantes y a dos trabajadoras, y dejaron una decena de heridos, antes de que ambos se quitaran la vida.<\/p>\n","protected":false},"excerpt":{"rendered":"<p>Brasil vivi\u00f3 este mi\u00e9rcoles una\u00a0nueva tragedia escolar, la segunda en d\u00edez d\u00edas, con el\u00a0asesinato de cuatro ni\u00f1os a manos de un hombre de 25 a\u00f1os con un hacha\u00a0en una escuela&hellip; <\/p>\n","protected":false},"author":1,"featured_media":52168,"comment_status":"closed","ping_status":"open","sticky":false,"template":"","format":"standard","meta":{"footnotes":""},"categories":[5],"tags":[],"class_list":["post-52164","post","type-post","status-publish","format-standard","has-post-thumbnail","hentry","category-crimen-y-justicia"],"_links":{"self":[{"href":"https:\/\/corrientesdetarde.com\/index.php\/wp-json\/wp\/v2\/posts\/52164","targetHints":{"allow":["GET"]}}],"collection":[{"href":"https:\/\/corrientesdetarde.com\/index.php\/wp-json\/wp\/v2\/posts"}],"about":[{"href":"https:\/\/corrientesdetarde.com\/index.php\/wp-json\/wp\/v2\/types\/post"}],"author":[{"embeddable":true,"href":"https:\/\/corrientesdetarde.com\/index.php\/wp-json\/wp\/v2\/users\/1"}],"replies":[{"embeddable":true,"href":"https:\/\/corrientesdetarde.com\/index.php\/wp-json\/wp\/v2\/comments?post=52164"}],"version-history":[{"count":1,"href":"https:\/\/corrientesdetarde.com\/index.php\/wp-json\/wp\/v2\/posts\/52164\/revisions"}],"predecessor-version":[{"id":52169,"href":"https:\/\/corrientesdetarde.com\/index.php\/wp-json\/wp\/v2\/posts\/52164\/revisions\/52169"}],"wp:featuredmedia":[{"embeddable":true,"href":"https:\/\/corrientesdetarde.com\/index.php\/wp-json\/wp\/v2\/media\/52168"}],"wp:attachment":[{"href":"https:\/\/corrientesdetarde.com\/index.php\/wp-json\/wp\/v2\/media?parent=52164"}],"wp:term":[{"taxonomy":"category","embeddable":true,"href":"https:\/\/corrientesdetarde.com\/index.php\/wp-json\/wp\/v2\/categories?post=52164"},{"taxonomy":"post_tag","embeddable":true,"href":"https:\/\/corrientesdetarde.com\/index.php\/wp-json\/wp\/v2\/tags?post=52164"}],"curies":[{"name":"wp","href":"https:\/\/api.w.org\/{rel}","templated":true}]}}