{"id":52165,"date":"2023-04-06T12:39:04","date_gmt":"2023-04-06T15:39:04","guid":{"rendered":"https:\/\/corrientesdetarde.com\/?p=52165"},"modified":"2023-04-06T12:39:07","modified_gmt":"2023-04-06T15:39:07","slug":"crimen-del-colectivero-testigos-aseguran-que-los-delincuentes-estaban-nerviosos-o-drogados","status":"publish","type":"post","link":"https:\/\/corrientesdetarde.com\/index.php\/crimen-y-justicia\/crimen-del-colectivero-testigos-aseguran-que-los-delincuentes-estaban-nerviosos-o-drogados\/","title":{"rendered":"Crimen del colectivero: testigos aseguran que los delincuentes estaban &#8220;nerviosos o drogados&#8221;"},"content":{"rendered":"\n<p>Dos testigos aseguraron este mi\u00e9rcoles que los dos delincuentes que asaltaron el colectivo de la l\u00ednea 620 y mataron de un tiro al chofer Daniel Barrientos en la localidad bonaerense de Virrey del Pino parec\u00edan &#8220;nerviosos o drogados&#8221;, &#8220;no sab\u00edan manejar armas&#8221; y &#8220;se abatataron&#8221; tras el crimen, por lo que huyeron en un auto que los esperaba en una calle paralela, que nunca se cruz\u00f3 frente al transporte.<br>En tanto, este martes por la tarde fue detenido en la localidad bonaerense de Ciudad Evita un joven de 23 a\u00f1os acusado de haber robado en marzo pasado el autom\u00f3vil Fiat Siena en el cual habr\u00edan huido los homicidas de Barrientos.<\/p>\n\n\n\n<p>&nbsp;<br>Las declaraciones de los testigos, que ya constan en la causa que lleva adelante el fiscal de Homicidios de La Matanza Gast\u00f3n Duplaa, fueron reproducidas esta ma\u00f1ana en Radio con Vos por la esposa del agente de la Polic\u00eda de la Ciudad que se tirote\u00f3 con los asaltantes y por uno de los pasajeros que estaba a bordo del colectivo, quien se identific\u00f3 como Guillermo.<\/p>\n\n\n\n<p>&#8220;Sub\u00ed al colectivo a eso de las cinco de la madrugada, llego a hacer dos paradas y suben estos dos delincuentes con arma en mano, gritaron &#8220;est\u00e1n robados, est\u00e1n robados, dennos todo, bolsos celulares&#8221;. Yo cuando vi las armas atin\u00e9 a tirarme al piso y escuch\u00e9 disparos y vi que le hab\u00edan disparado al colectivero&#8221;, cont\u00f3 Guillermo.<\/p>\n\n\n\n<p>&nbsp;<br>Para el testigo, los asaltantes dispararon &#8220;por nada&#8221;, ya que &#8220;el colectivero no hizo ning\u00fan movimiento brusco&#8221;.<\/p>\n\n\n\n<p>&#8220;Ellos disparan y medio que se abatatan y bajan del colectivo. Ni bien bajan, salen corriendo hacia una calle paralela a la que qued\u00f3 el colectivo parado y ah\u00ed mi vecino (por el polic\u00eda de la Ciudad) les tira y creo que hiri\u00f3 a uno&#8221;, agreg\u00f3.<\/p>\n\n\n\n<p>&nbsp;<br>Consultado sobre por qu\u00e9 creen que los asaltantes mataron al chofer, Guillermo dijo: &#8220;Porque no estar\u00edan en sus cabales, estar\u00edan drogados, no s\u00e9. Se est\u00e1n diciendo un mont\u00f3n de barbaridades, pero la verdad es que ellos dieron la se\u00f1a de parada como de gente com\u00fan y nosotros, que en ese horario nos conocemos todos, vimos c\u00f3mo estos muchachos subieron encapuchados&#8221;.<\/p>\n\n\n\n<p>&#8220;Como vecino y ciudadano estamos cansados (&#8230;) estamos a la espera de ver a qui\u00e9n le toca&#8221;, concluy\u00f3.<\/p>\n\n\n\n<p>&nbsp;<br>Por su parte, Mar\u00eda, esposa del polic\u00eda que se tirote\u00f3 con los delincuentes cuando hu\u00edan, hizo un relato coincidente con el de Guillermo en base a lo que le cont\u00f3 su esposo y lo que vio cuando lleg\u00f3 a la escena del hecho, que es a pocas cuadras de su casa.<\/p>\n\n\n\n<p>&#8220;A las 4.55 escucho un par de tiros, vivo a dos cuadras del lugar, llam\u00f3 a mi marido porque hab\u00eda salido a hac\u00eda dos minutos, me atiende y me dice que llame a la ambulancia de urgencia y a la polic\u00eda que le hab\u00edan disparo al chofer&#8221;, record\u00f3 la mujer. Y continu\u00f3: &#8220;Me dijo que se enfrent\u00f3 a dos delincuentes. Le pidieron los celulares a los pasajeros, que eran 10 y el otro a la mujer que estaba con su hija. Autom\u00e1ticamente, uno se dio vuelta y le tir\u00f3 al chofer&#8221;.<\/p>\n\n\n\n<p>&nbsp;<br>&#8220;No s\u00e9 si se asust\u00f3, pero parec\u00eda que no sab\u00eda manejar el arma. Manotea la mochila de la se\u00f1ora y salen a correr los dos. Ah\u00ed mi marido, que no se hab\u00eda identificado arriba, baja unos escalones, se identifica, dispara y los delincuentes responden. Si eso pasaba dentro del colectivo era una masacre&#8221;, describi\u00f3.<\/p>\n\n\n\n<p>Mar\u00eda dijo que los dos delincuentes corrieron hacia la esquina, donde hab\u00eda un auto que los estaba esperando y en el que escapan: &#8220;Es mentira que cruzaron un auto adelante del colectivo&#8221;, asegur\u00f3.<\/p>\n\n\n\n<p>La mujer explic\u00f3 que el lugar donde sucedi\u00f3 el hecho es &#8220;un barrio de delincuentes porque vienen de otros lugares y roban al voleo y van al fondo donde hay un bunker para comprar droga&#8221;.<\/p>\n\n\n\n<p>Sobre el asesino del chofer, manifest\u00f3 que el que dispar\u00f3 &#8220;o no sab\u00eda manejar el arma o estaba drogado o estaba nervioso o para ellos, los delincuentes, es matar o matar&#8221;.<\/p>\n\n\n\n<p>Fuentes judiciales consultadas por T\u00e9lam ratificaron que por el momento ninguno de los testigos que declararon en la causa dijo haber visto que un auto se cruz\u00f3 frente al colectivo y que tampoco se ve nada as\u00ed en los videos analizados en el marco de la pesquisa.<\/p>\n\n\n\n<p>En tanto, este mi\u00e9rcoles por la tarde fue aprehendido en un complejo de Ciudad Evita un joven identificado por la Polic\u00eda como Antonio Fernando Gonz\u00e1lez, alias &#8220;Pancho&#8221;, sindicado como el autor del robo en marzo pasado de un auto Fiat Siena, con el cual los asesinos del colectivero habr\u00edan escapado tras cometer el crimen, informaron fuentes policiales. Es que los investigadores hallaron un Fiat Siena quemado en el cruce de Guanabara y Fort\u00edn Yunca de Virrey del Pino, similar al que fue identificado por los testigos como el que fue utilizado por los delincuentes para escapar.<\/p>\n\n\n\n<p>En poder del sospechoso los detectives de la Delegaci\u00f3n Departamental de Investigaciones (DDI) La Matanza hallaron un rev\u00f3lver calibre .32 con siete municiones y pedido de secuestro activo por sus pares de Esteban Echeverr\u00eda, y dos handys, elementos que fueron incautados.<\/p>\n\n\n\n<p>&nbsp;<br><strong>El tercer detenido por el crimen del colectivero ser\u00e1 indagado<\/strong><br>&#8220;Pancho&#8221; Gonz\u00e1lez ser\u00e1 indagado este mi\u00e9rcoles por el fiscal Duplaa, quien continuaba recolectando evidencias para resolver la situaci\u00f3n procesal del primer detenido por el hecho, Alex Gabriel Barone (19), quien fue indagado ayer y neg\u00f3 los cargos en su contra.<\/p>\n\n\n\n<p>Este joven qued\u00f3 hoy formalmente detenido por disposici\u00f3n del Juzgado de Garant\u00edas 1 de La Matanza como imputado de &#8220;homicidio criminis causa, agravado por el uso de arma de fuego, en concurso real con robo agravado por el uso de arma de fuego&#8221;, en calidad de &#8220;coautor&#8221;.<\/p>\n\n\n\n<p>En tanto, el segundo aprehendido, Gabriel Alejandro Barone (24), fue indagado esta tarde por el fiscal Duplaa, quien lo acusa de los mismos delitos que al primer sospechoso, y tambi\u00e9n qued\u00f3 formalmente detenido.<\/p>\n","protected":false},"excerpt":{"rendered":"<p>Dos testigos aseguraron este mi\u00e9rcoles que los dos delincuentes que asaltaron el colectivo de la l\u00ednea 620 y mataron de un tiro al chofer Daniel Barrientos en la localidad bonaerense&hellip; <\/p>\n","protected":false},"author":1,"featured_media":52166,"comment_status":"closed","ping_status":"open","sticky":false,"template":"","format":"standard","meta":{"footnotes":""},"categories":[5],"tags":[],"class_list":["post-52165","post","type-post","status-publish","format-standard","has-post-thumbnail","hentry","category-crimen-y-justicia"],"_links":{"self":[{"href":"https:\/\/corrientesdetarde.com\/index.php\/wp-json\/wp\/v2\/posts\/52165","targetHints":{"allow":["GET"]}}],"collection":[{"href":"https:\/\/corrientesdetarde.com\/index.php\/wp-json\/wp\/v2\/posts"}],"about":[{"href":"https:\/\/corrientesdetarde.com\/index.php\/wp-json\/wp\/v2\/types\/post"}],"author":[{"embeddable":true,"href":"https:\/\/corrientesdetarde.com\/index.php\/wp-json\/wp\/v2\/users\/1"}],"replies":[{"embeddable":true,"href":"https:\/\/corrientesdetarde.com\/index.php\/wp-json\/wp\/v2\/comments?post=52165"}],"version-history":[{"count":1,"href":"https:\/\/corrientesdetarde.com\/index.php\/wp-json\/wp\/v2\/posts\/52165\/revisions"}],"predecessor-version":[{"id":52167,"href":"https:\/\/corrientesdetarde.com\/index.php\/wp-json\/wp\/v2\/posts\/52165\/revisions\/52167"}],"wp:featuredmedia":[{"embeddable":true,"href":"https:\/\/corrientesdetarde.com\/index.php\/wp-json\/wp\/v2\/media\/52166"}],"wp:attachment":[{"href":"https:\/\/corrientesdetarde.com\/index.php\/wp-json\/wp\/v2\/media?parent=52165"}],"wp:term":[{"taxonomy":"category","embeddable":true,"href":"https:\/\/corrientesdetarde.com\/index.php\/wp-json\/wp\/v2\/categories?post=52165"},{"taxonomy":"post_tag","embeddable":true,"href":"https:\/\/corrientesdetarde.com\/index.php\/wp-json\/wp\/v2\/tags?post=52165"}],"curies":[{"name":"wp","href":"https:\/\/api.w.org\/{rel}","templated":true}]}}