{"id":52178,"date":"2023-04-06T12:54:32","date_gmt":"2023-04-06T15:54:32","guid":{"rendered":"https:\/\/corrientesdetarde.com\/?p=52178"},"modified":"2023-04-06T12:54:35","modified_gmt":"2023-04-06T15:54:35","slug":"la-provincia-asfalto-21-cuadras-en-san-luis-del-palmar-y-sigue-haciendo-cordon-cuneta","status":"publish","type":"post","link":"https:\/\/corrientesdetarde.com\/index.php\/sociales\/la-provincia-asfalto-21-cuadras-en-san-luis-del-palmar-y-sigue-haciendo-cordon-cuneta\/","title":{"rendered":"La Provincia asfalt\u00f3 21 cuadras en San Luis del Palmar y sigue haciendo cord\u00f3n cuneta"},"content":{"rendered":"\n<p>El Gobierno Provincial concluy\u00f3 el asfaltado de 21 cuadras en&nbsp;San Luis del Palmar, al tiempo que contin\u00faa la construcci\u00f3n de cord\u00f3n cuneta en m\u00e1s de 20 cuadras de las calles San Luis y 9 de Julio de esa localidad, las que terminadas son inmediatamente enripiadas.<\/p>\n\n\n\n<p>Estos trabajos, encarados por distintas \u00e1reas del Ministerio de Obras y Servicios P\u00fablicos buscan facilitar una mejor circulaci\u00f3n interna en el ejido urbano de esa ciudad a la vez de&nbsp;aportar una conexi\u00f3n directa de ingreso y egreso a la ruta provincial N\u00b0 5 que circunvala la localidad.<\/p>\n\n\n\n<p>Asfalto<\/p>\n\n\n\n<p>Las obras&nbsp;de pavimentaci\u00f3n con concreto asf\u00e1ltico, son ejecutadas por Vialidad Urbana, v\u00eda administraci\u00f3n, lo que implica un sustancial ahorro en costos operativos, dado que tanto el personal como la maquinaria utilizada son del Estado Provincial, al igual que la planta de procesamiento, ubicada por avenida Maip\u00fa casi ex v\u00eda,&nbsp;donde se elabora este asfalto caliente.<\/p>\n\n\n\n<p>Las calles pavimentadas con concreto asf\u00e1ltico fueron: avenida Romero de Ber\u00f3n de Astrada a J. Arce;&nbsp;9 de Julio, entre Itat\u00ed y Ber\u00f3n de Astrada;&nbsp;Itat\u00ed de 9 de Julio a&nbsp;av. Romero;&nbsp;Ber\u00f3n de Astrada entre Rivadavia y av. Romero;&nbsp;J. Arce desde Ram\u00edrez a 9 de Julio;&nbsp;Paran\u00e1&nbsp;entre Rivadavia y av. Romero;&nbsp;Ram\u00edrez de J. Arce a&nbsp;San&nbsp;Mart\u00edn; Rosario entre J. Arce y Sarmiento;&nbsp;San&nbsp;Juan de Rivadavia a av. Romero;&nbsp;&nbsp;San&nbsp;Luis&nbsp;de J. Arce a&nbsp;San&nbsp;Mart\u00edn;&nbsp;&nbsp;Sarmiento , entre&nbsp;av. Romero y Arg\u00fcello y Tucum\u00e1n desde J. Arce a 25 de Mayo.<\/p>\n\n\n\n<p>En todos los casos, este asfalto fue aplicado en cuadras que ya contaban con cord\u00f3n cuneta, raz\u00f3n por la cual solo se acondicion\u00f3 el tendido de los servicios y el suelo fue mejorado con sustrato calc\u00e1reo y consolidado para luego sobre una&nbsp;calzada promedio de siete metros&nbsp;proveer una carpeta de concreto caliente de entre 8 y 10 cent\u00edmetros de espesor.<\/p>\n\n\n\n<p>Cord\u00f3n Cuneta<\/p>\n\n\n\n<p>En cuanto a las obras de cord\u00f3n cuneta que se ejecutan en&nbsp;la localidad alcanzan m\u00e1s de 20 cuadras, lo que totaliza alrededor de 4.400&nbsp;metros lineales de esa infraestructura vial e h\u00eddrica con sus correspondientes badenes y cruces pluviales.<\/p>\n\n\n\n<p>Las calles donde se construye esta infraestructura vial son:\u00a0San\u00a0Luis, desde su cruce con calle 25 de Mayo hasta la intersecci\u00f3n con\u00a0Ruta Provincial N\u00b0 5, una extensi\u00f3n cercana a los 2320 metros lineales; y la calle 9 de Julio de Sarmiento a Ruta N\u00b0 5, unos 2100 metros lineales aproximadamente. Estos trabajos son emprendidos bajo la direcci\u00f3n t\u00e9cnica de la UEP\/UCAPFI.<\/p>\n\n\n\n<figure class=\"wp-block-image size-large\"><img loading=\"lazy\" decoding=\"async\" width=\"1024\" height=\"683\" src=\"https:\/\/corrientesdetarde.com\/wp-content\/uploads\/2023\/04\/image-78-1024x683.png\" alt=\"\" class=\"wp-image-52179\" srcset=\"https:\/\/corrientesdetarde.com\/wp-content\/uploads\/2023\/04\/image-78-1024x683.png 1024w, https:\/\/corrientesdetarde.com\/wp-content\/uploads\/2023\/04\/image-78-300x200.png 300w, https:\/\/corrientesdetarde.com\/wp-content\/uploads\/2023\/04\/image-78-768x512.png 768w, https:\/\/corrientesdetarde.com\/wp-content\/uploads\/2023\/04\/image-78-272x182.png 272w, https:\/\/corrientesdetarde.com\/wp-content\/uploads\/2023\/04\/image-78.png 1041w\" sizes=\"auto, (max-width: 1024px) 100vw, 1024px\" \/><\/figure>\n","protected":false},"excerpt":{"rendered":"<p>El Gobierno Provincial concluy\u00f3 el asfaltado de 21 cuadras en&nbsp;San Luis del Palmar, al tiempo que contin\u00faa la construcci\u00f3n de cord\u00f3n cuneta en m\u00e1s de 20 cuadras de las calles&hellip; <\/p>\n","protected":false},"author":1,"featured_media":52180,"comment_status":"closed","ping_status":"open","sticky":false,"template":"","format":"standard","meta":{"footnotes":""},"categories":[17],"tags":[],"class_list":["post-52178","post","type-post","status-publish","format-standard","has-post-thumbnail","hentry","category-sociales"],"_links":{"self":[{"href":"https:\/\/corrientesdetarde.com\/index.php\/wp-json\/wp\/v2\/posts\/52178","targetHints":{"allow":["GET"]}}],"collection":[{"href":"https:\/\/corrientesdetarde.com\/index.php\/wp-json\/wp\/v2\/posts"}],"about":[{"href":"https:\/\/corrientesdetarde.com\/index.php\/wp-json\/wp\/v2\/types\/post"}],"author":[{"embeddable":true,"href":"https:\/\/corrientesdetarde.com\/index.php\/wp-json\/wp\/v2\/users\/1"}],"replies":[{"embeddable":true,"href":"https:\/\/corrientesdetarde.com\/index.php\/wp-json\/wp\/v2\/comments?post=52178"}],"version-history":[{"count":1,"href":"https:\/\/corrientesdetarde.com\/index.php\/wp-json\/wp\/v2\/posts\/52178\/revisions"}],"predecessor-version":[{"id":52182,"href":"https:\/\/corrientesdetarde.com\/index.php\/wp-json\/wp\/v2\/posts\/52178\/revisions\/52182"}],"wp:featuredmedia":[{"embeddable":true,"href":"https:\/\/corrientesdetarde.com\/index.php\/wp-json\/wp\/v2\/media\/52180"}],"wp:attachment":[{"href":"https:\/\/corrientesdetarde.com\/index.php\/wp-json\/wp\/v2\/media?parent=52178"}],"wp:term":[{"taxonomy":"category","embeddable":true,"href":"https:\/\/corrientesdetarde.com\/index.php\/wp-json\/wp\/v2\/categories?post=52178"},{"taxonomy":"post_tag","embeddable":true,"href":"https:\/\/corrientesdetarde.com\/index.php\/wp-json\/wp\/v2\/tags?post=52178"}],"curies":[{"name":"wp","href":"https:\/\/api.w.org\/{rel}","templated":true}]}}