{"id":52200,"date":"2023-04-06T17:08:17","date_gmt":"2023-04-06T20:08:17","guid":{"rendered":"https:\/\/corrientesdetarde.com\/?p=52200"},"modified":"2023-04-06T17:08:21","modified_gmt":"2023-04-06T20:08:21","slug":"tension-y-disturbios-en-una-nueva-protesta-contra-la-reforma-previsional-en-paris","status":"publish","type":"post","link":"https:\/\/corrientesdetarde.com\/index.php\/internacionales\/tension-y-disturbios-en-una-nueva-protesta-contra-la-reforma-previsional-en-paris\/","title":{"rendered":"Tensi\u00f3n y disturbios en una nueva protesta contra la reforma previsional en Par\u00eds."},"content":{"rendered":"\n<h2 class=\"wp-block-heading\">Los franceses volvieron a salir a las calles para rechazar el decreto de Emmanuel Macron que elev\u00f3 de 62 a 64 a\u00f1os la edad para jubilarse.<\/h2>\n\n\n\n<p>En medio de disturbios y una fuerte tensi\u00f3n, cientos de miles de franceses volvieron este jueves a las calles en rechazo de\u00a0la reforma de pensiones decretada por el presidente Emmanuel Macron, en la und\u00e9cima gran jornada de protestas organizada por los sindicatos.<\/p>\n\n\n\n<p>La nueva movilizaci\u00f3n se realiz\u00f3 en v\u00edsperas de la decisi\u00f3n final del Consejo Constitucional -\u00f3rgano de interpretaci\u00f3n de la Carta Magna- que el pr\u00f3ximo 14 de abril deber\u00e1 validar o no la ley de reforma de la jubilaci\u00f3n que, entre otros puntos, eleva de 62 a 64 a\u00f1os la edad jubilatoria.<\/p>\n\n\n\n<p>Las autoridades francesas dijeron que la protesta en Par\u00eds agrup\u00f3 a unas 57.000 personas, pero los gremios dijeron que fueron unas 400.000, una cifra que viene decayendo con relaci\u00f3n a manifestaciones previas. Al menos ocho personas fueron detenidas, report\u00f3&nbsp;<em>AFP<\/em>.<\/p>\n\n\n\n<h2 class=\"wp-block-heading\">Los gremios llaman a continuar con las protestas contra la reforma previsional<\/h2>\n\n\n\n<p>En un contexto de creciente tensi\u00f3n, los sindicatos llamaron a profundizar los reclamos. \u201dPase lo que pase, la movilizaci\u00f3n continuar\u00e1 mientras no se retire la reforma\u201d, asegur\u00f3 la nueva l\u00edder de la Confederaci\u00f3n General del Trabajo (CGT, segunda central del pa\u00eds),&nbsp;<strong>Sophie Binet<\/strong>, citada por<em>&nbsp;EFE<\/em>.<\/p>\n\n\n\n<p>A su vez, el secretario general de la Confederaci\u00f3n Francesa Democr\u00e1tica del Trabajo (CFDT, primer sindicato),&nbsp;<strong>Laurent Berger<\/strong>, dijo que \u201ceste movimiento sigue contando con el apoyo de la poblaci\u00f3n\u201d y afirm\u00f3 que \u201cel rechazo a esta reforma sigue siendo igual de fuerte\u201d.<\/p>\n\n\n\n<figure class=\"wp-block-image\"><img decoding=\"async\" src=\"https:\/\/tn.com.ar\/resizer\/s1H0HtjsR7UwWfUwr4DjNJtKqG0=\/767x0\/smart\/filters:format(webp)\/cloudfront-us-east-1.images.arcpublishing.com\/artear\/VLICUNGPXVGO3EAM66XOVIMR4U.jfif\" alt=\"La polic\u00eda se lleva detenido a la rastra a un manifestante en Par\u00eds (Foto: AP)\"\/><figcaption>La polic\u00eda se lleva detenido a la rastra a un manifestante en Par\u00eds (Foto: AP)<\/figcaption><\/figure>\n\n\n\n<p>Las protestas se realizaron en distintas ciudades del pa\u00eds. La m\u00e1s multitudinaria ocurri\u00f3 en Par\u00eds, donde hubo enfrentamientos entre manifestantes y polic\u00edas.<\/p>\n\n\n\n<p>Como un s\u00edmbolo del descontento, una bengala lanzada durante un choque entre un grupo de manifestantes radicales y las fuerzas de seguridad incendi\u00f3 una parte del toldo del restaurante La Rotonde, de la capital, un lugar muy apreciado por el presidente Macron.<\/p>\n\n\n\n<p>La protesta incluy\u00f3 el cierre de escuelas y universidades, trenes anulados y bloqueos temporales en accesos a ciudades como Rennes.<\/p>\n\n\n\n<p>Ahora, todos los ojos est\u00e1n puestos en el 14 de abril, cuando el Consejo Constitucional tendr\u00e1 la \u00faltima palabra sobre la legalidad de la medida adoptada por Macron. La iniciativa fue aprobada por decreto por el presidente ante la falta de los votos necesarios en Diputados tras el visto bueno del Senado.<\/p>\n\n\n\n<figure class=\"wp-block-image\"><img decoding=\"async\" src=\"https:\/\/tn.com.ar\/resizer\/vjvaPhrIzBJZupTPAVso0ZLyGJY=\/767x0\/smart\/filters:format(webp)\/cloudfront-us-east-1.images.arcpublishing.com\/artear\/QEHUYDAPCY3MJ3PBQUHNTKQ53Q.jpg\" alt=\"Polic\u00edas antidisturbios persiguen a manifestantes durante una protesta el jueves 6 de abril de 2023 en Par\u00eds. (AP Foto\/Christophe Ena)\"\/><figcaption>Polic\u00edas antidisturbios persiguen a manifestantes durante una protesta el jueves 6 de abril de 2023 en Par\u00eds. (AP Foto\/Christophe Ena)Por:&nbsp;<strong>AP<\/strong><\/figcaption><\/figure>\n\n\n\n<p>Su dictamen sobre la validez o no de la reforma marcar\u00e1 la evoluci\u00f3n del conflicto.<\/p>\n\n\n\n<h2 class=\"wp-block-heading\">Emmanuel Macron se niega a dar marcha atr\u00e1s con su reforma previsional<\/h2>\n\n\n\n<p>M\u00e1s all\u00e1 de las protestas, el gobierno se niega a retirar la reforma que retrasa la edad de jubilaci\u00f3n de 62 a 64 a\u00f1os para 2030 y adelanta a 2027 la exigencia de cotizar 43 a\u00f1os, y no 42, para cobrar una pensi\u00f3n completa.<\/p>\n\n\n\n<p>El gobierno defiende que elevar una de las edades de jubilaci\u00f3n m\u00e1s bajas de Europa evitar\u00eda un futuro d\u00e9ficit en la caja de las pensiones, pero sus opositores consideran que castigan m\u00e1s a las mujeres con hijos.<\/p>\n\n\n\n<p><\/p>\n\n\n\n<p><em>Fuente: Todo Noticias.<\/em><\/p>\n","protected":false},"excerpt":{"rendered":"<p>Los franceses volvieron a salir a las calles para rechazar el decreto de Emmanuel Macron que elev\u00f3 de 62 a 64 a\u00f1os la edad para jubilarse. En medio de disturbios&hellip; <\/p>\n","protected":false},"author":6,"featured_media":52201,"comment_status":"closed","ping_status":"open","sticky":false,"template":"","format":"standard","meta":{"footnotes":""},"categories":[11],"tags":[],"class_list":["post-52200","post","type-post","status-publish","format-standard","has-post-thumbnail","hentry","category-internacionales"],"_links":{"self":[{"href":"https:\/\/corrientesdetarde.com\/index.php\/wp-json\/wp\/v2\/posts\/52200","targetHints":{"allow":["GET"]}}],"collection":[{"href":"https:\/\/corrientesdetarde.com\/index.php\/wp-json\/wp\/v2\/posts"}],"about":[{"href":"https:\/\/corrientesdetarde.com\/index.php\/wp-json\/wp\/v2\/types\/post"}],"author":[{"embeddable":true,"href":"https:\/\/corrientesdetarde.com\/index.php\/wp-json\/wp\/v2\/users\/6"}],"replies":[{"embeddable":true,"href":"https:\/\/corrientesdetarde.com\/index.php\/wp-json\/wp\/v2\/comments?post=52200"}],"version-history":[{"count":1,"href":"https:\/\/corrientesdetarde.com\/index.php\/wp-json\/wp\/v2\/posts\/52200\/revisions"}],"predecessor-version":[{"id":52202,"href":"https:\/\/corrientesdetarde.com\/index.php\/wp-json\/wp\/v2\/posts\/52200\/revisions\/52202"}],"wp:featuredmedia":[{"embeddable":true,"href":"https:\/\/corrientesdetarde.com\/index.php\/wp-json\/wp\/v2\/media\/52201"}],"wp:attachment":[{"href":"https:\/\/corrientesdetarde.com\/index.php\/wp-json\/wp\/v2\/media?parent=52200"}],"wp:term":[{"taxonomy":"category","embeddable":true,"href":"https:\/\/corrientesdetarde.com\/index.php\/wp-json\/wp\/v2\/categories?post=52200"},{"taxonomy":"post_tag","embeddable":true,"href":"https:\/\/corrientesdetarde.com\/index.php\/wp-json\/wp\/v2\/tags?post=52200"}],"curies":[{"name":"wp","href":"https:\/\/api.w.org\/{rel}","templated":true}]}}