{"id":52209,"date":"2023-04-06T17:24:21","date_gmt":"2023-04-06T20:24:21","guid":{"rendered":"https:\/\/corrientesdetarde.com\/?p=52209"},"modified":"2023-04-06T17:24:25","modified_gmt":"2023-04-06T20:24:25","slug":"dos-cazadores-furtivos-fueron-atrapados-con-un-arsenal","status":"publish","type":"post","link":"https:\/\/corrientesdetarde.com\/index.php\/crimen-y-justicia\/dos-cazadores-furtivos-fueron-atrapados-con-un-arsenal\/","title":{"rendered":"Dos cazadores furtivos fueron atrapados con un arsenal."},"content":{"rendered":"\n<h2 class=\"wp-block-heading\">La Unidad Especial de Seguridad Rural y Ecol\u00f3gica de Saladas detuvo a dos presuntos cazadores y confisc\u00f3 armas, cartuchos y motocicletas en un operativo exitoso gracias a la labor de prevenci\u00f3n de la Jefatura de Polic\u00eda. Los detenidos y los objetos incautados quedaron a disposici\u00f3n del Fiscal de Investigaciones de Saladas.<\/h2>\n\n\n\n<p>Personal policial de la Unidad Especial de Seguridad Rural y Ecol\u00f3gica de Saladas, llev\u00f3 a cabo un procedimiento en la Primera Secci\u00f3n Cuatro Bocas de la localidad, que dio como resultado la detenci\u00f3n de dos presuntos cazadores y la incautaci\u00f3n de armas de fuego, cartuchos, motocicletas y otras cosas.<\/p>\n\n\n\n<p>La labor de prevenci\u00f3n desplegada por la Jefatura de Polic\u00eda, dentro del marco del &#8220;Plan Integral de Seguridad Vial y Prevenci\u00f3n del Abigeato y Control Masivo de Carnicer\u00edas&#8221;, permiti\u00f3 que los agentes policiales actuaran r\u00e1pidamente al recibir informaci\u00f3n sobre la presencia de cazadores en el interior de un campo.<\/p>\n\n\n\n<p>Alrededor de las 18:00 horas, los agentes llegaron al lugar y encontraron dos motocicletas escondidas entre los pajonales. Despu\u00e9s de un rastrillaje por la zona, detuvieron a dos personas de 43 y 35 a\u00f1os de edad y les incautaron un arma de fuego larga o de hombre calibre 12, un arma de fuego tipo carabina cal.22 LR, cartuchos, armas blancas -cuchillos y machetes-, entre otras cosas.<\/p>\n\n\n\n<p>Las personas detenidas y lo secuestrado fueron puestos a disposici\u00f3n del Fiscal de Investigaciones de Saladas. Mientras tanto, en la dependencia policial correspondiente, se contin\u00faa con los tr\u00e1mites del caso. Este procedimiento exitoso demuestra el compromiso de la polic\u00eda en la lucha contra el abigeato y la protecci\u00f3n del medio ambiente.<\/p>\n","protected":false},"excerpt":{"rendered":"<p>La Unidad Especial de Seguridad Rural y Ecol\u00f3gica de Saladas detuvo a dos presuntos cazadores y confisc\u00f3 armas, cartuchos y motocicletas en un operativo exitoso gracias a la labor de&hellip; <\/p>\n","protected":false},"author":6,"featured_media":52210,"comment_status":"closed","ping_status":"open","sticky":false,"template":"","format":"standard","meta":{"footnotes":""},"categories":[5],"tags":[],"class_list":["post-52209","post","type-post","status-publish","format-standard","has-post-thumbnail","hentry","category-crimen-y-justicia"],"_links":{"self":[{"href":"https:\/\/corrientesdetarde.com\/index.php\/wp-json\/wp\/v2\/posts\/52209","targetHints":{"allow":["GET"]}}],"collection":[{"href":"https:\/\/corrientesdetarde.com\/index.php\/wp-json\/wp\/v2\/posts"}],"about":[{"href":"https:\/\/corrientesdetarde.com\/index.php\/wp-json\/wp\/v2\/types\/post"}],"author":[{"embeddable":true,"href":"https:\/\/corrientesdetarde.com\/index.php\/wp-json\/wp\/v2\/users\/6"}],"replies":[{"embeddable":true,"href":"https:\/\/corrientesdetarde.com\/index.php\/wp-json\/wp\/v2\/comments?post=52209"}],"version-history":[{"count":1,"href":"https:\/\/corrientesdetarde.com\/index.php\/wp-json\/wp\/v2\/posts\/52209\/revisions"}],"predecessor-version":[{"id":52211,"href":"https:\/\/corrientesdetarde.com\/index.php\/wp-json\/wp\/v2\/posts\/52209\/revisions\/52211"}],"wp:featuredmedia":[{"embeddable":true,"href":"https:\/\/corrientesdetarde.com\/index.php\/wp-json\/wp\/v2\/media\/52210"}],"wp:attachment":[{"href":"https:\/\/corrientesdetarde.com\/index.php\/wp-json\/wp\/v2\/media?parent=52209"}],"wp:term":[{"taxonomy":"category","embeddable":true,"href":"https:\/\/corrientesdetarde.com\/index.php\/wp-json\/wp\/v2\/categories?post=52209"},{"taxonomy":"post_tag","embeddable":true,"href":"https:\/\/corrientesdetarde.com\/index.php\/wp-json\/wp\/v2\/tags?post=52209"}],"curies":[{"name":"wp","href":"https:\/\/api.w.org\/{rel}","templated":true}]}}