{"id":53933,"date":"2023-04-14T17:32:07","date_gmt":"2023-04-14T20:32:07","guid":{"rendered":"https:\/\/corrientesdetarde.com\/?p=53933"},"modified":"2023-04-14T17:32:13","modified_gmt":"2023-04-14T20:32:13","slug":"el-gobierno-anuncio-un-aumento-del-42-para-las-becas-progresar-a-partir-de-abril","status":"publish","type":"post","link":"https:\/\/corrientesdetarde.com\/index.php\/economia\/el-gobierno-anuncio-un-aumento-del-42-para-las-becas-progresar-a-partir-de-abril\/","title":{"rendered":"El Gobierno anunci\u00f3 un aumento del 42% para las Becas Progresar a partir de abril"},"content":{"rendered":"\n<p>El incremento en los montos de las becas educativas da frente al desembolso de US$300 millones del Banco Mundial.<\/p>\n\n\n\n<p>Los ministros de Educaci\u00f3n,\u00a0<strong>Jaime Perczyk<\/strong>, y de Econom\u00eda,\u00a0Sergio Massa, anunciaron este viernes 14 de abril un<strong>\u00a0aumento del 42%<\/strong>\u00a0de las\u00a0Becas Progresar a partir de este mes, tras acordar con el\u00a0<strong>Banco Mundial<\/strong>\u00a0un\u00a0<strong>desembolso de 300 millones de d\u00f3lares<\/strong>.<\/p>\n\n\n\n<p>De esta manera, Perczyk y Massa se reunieron este viernes 14 en\u00a0<strong>Washington<\/strong>\u00a0con la Directora Ejecutiva por Argentina y el Cono Sur en el Grupo Banco Mundial,\u00a0<strong>Cecilia Nah\u00f3n<\/strong>, tras el encuentro que la semana pasada hab\u00edan mantenido el pa\u00eds con funcionarios del organismo multilateral de cr\u00e9dito. El desembolso del Banco Mundial estar\u00e1 destinado a las becas Progresar y a \u201cfortalecer las trayectorias educativas\u201d.<\/p>\n\n\n\n<p>Ambos funcionarios del Gobierno Nacional se encuentran en Estados Unidos para participar de las Reuniones de Primavera 2023 del Banco Mundial y del Fondo Monetario Internacional.<\/p>\n\n\n\n<h2 class=\"wp-block-heading\">Las Becas Progresar aumentar\u00e1n un 42%<\/h2>\n\n\n\n<p>Sergio Massa sostuvo que \u201c<strong>las Becas Progresar aumentar\u00e1n un 42%&nbsp;<\/strong>gracias al desembolso de 300 millones de d\u00f3lares que acordamos con el Banco Mundial, lo que nos permitir\u00e1 seguir fortaleciendo las trayectorias educativas al elevar a&nbsp;<strong>12.780 pesos&nbsp;<\/strong>el monto que reciben 1.700.000 j\u00f3venes\u201d.<\/p>\n\n\n\n<p>\u201dEl Progresar tiene como objetivo garantizar el derecho a la educaci\u00f3n de las chicas y los chicos de nuestro pa\u00eds, para que terminen sus estudios y puedan desarrollarse profesionalmente\u201d, explic\u00f3 Jaime Perczyk.<\/p>\n\n\n\n<p>Adem\u00e1s, destac\u00f3 que \u201cpara hacer una Argentina m\u00e1s justa y federal es necesario una educaci\u00f3n p\u00fablica de calidad y nosotros, como Estado, somos los primeros responsables de que las y los estudiantes est\u00e9n en la escuela, recuperen aprendizajes, terminen sus estudios, vayan a la universidad o puedan realizar cursos de formaci\u00f3n profesional\u201d.<\/p>\n\n\n\n<h2 class=\"wp-block-heading\">Becas Progresar 2023: cu\u00e1nto cobro en abril con aumento<\/h2>\n\n\n\n<p>Las&nbsp;<strong>Becas Progresar<\/strong>&nbsp;tiene como objetivo brindar un est\u00edmulo econ\u00f3mico para que<strong>&nbsp;j\u00f3venes de 18 a 24 a\u00f1os&nbsp;<\/strong>terminen la ense\u00f1anza obligatoria y avancen en estudios secundarios, terciarios o universitarios. Tiene cuatro programas:<\/p>\n\n\n\n<ul class=\"wp-block-list\"><li><strong>Progresar Obligatorio&nbsp;<\/strong>(incluye Progresar 16 y 17 a\u00f1os): pensada para estudiantes del nivel primario y secundario.El&nbsp;<strong>monto&nbsp;<\/strong>pasa de $<strong>9000 a $12.780<\/strong><\/li><li><strong>Progresar Superior<\/strong>: para estudiantes que cursen carreras en el nivel superior terciario o universitario. La becapasa de&nbsp;<strong>$9000 a $12.780<\/strong><\/li><li><strong>Progresar Enfermer\u00eda<\/strong>: para estudiantes del nivel superior que est\u00e9n cursando la carrera de Enfermer\u00eda. El monto asciende a&nbsp;<strong>$12.780<\/strong><\/li><li><strong>Progresar Trabajo<\/strong>: para personas que realicen cursos de formaci\u00f3n profesional. La asistencia pasa de&nbsp;<strong>$9000 a $12.780<\/strong><\/li><\/ul>\n","protected":false},"excerpt":{"rendered":"<p>El incremento en los montos de las becas educativas da frente al desembolso de US$300 millones del Banco Mundial. Los ministros de Educaci\u00f3n,\u00a0Jaime Perczyk, y de Econom\u00eda,\u00a0Sergio Massa, anunciaron este&hellip; <\/p>\n","protected":false},"author":8,"featured_media":53934,"comment_status":"closed","ping_status":"open","sticky":false,"template":"","format":"standard","meta":{"footnotes":""},"categories":[20],"tags":[],"class_list":["post-53933","post","type-post","status-publish","format-standard","has-post-thumbnail","hentry","category-economia"],"_links":{"self":[{"href":"https:\/\/corrientesdetarde.com\/index.php\/wp-json\/wp\/v2\/posts\/53933","targetHints":{"allow":["GET"]}}],"collection":[{"href":"https:\/\/corrientesdetarde.com\/index.php\/wp-json\/wp\/v2\/posts"}],"about":[{"href":"https:\/\/corrientesdetarde.com\/index.php\/wp-json\/wp\/v2\/types\/post"}],"author":[{"embeddable":true,"href":"https:\/\/corrientesdetarde.com\/index.php\/wp-json\/wp\/v2\/users\/8"}],"replies":[{"embeddable":true,"href":"https:\/\/corrientesdetarde.com\/index.php\/wp-json\/wp\/v2\/comments?post=53933"}],"version-history":[{"count":1,"href":"https:\/\/corrientesdetarde.com\/index.php\/wp-json\/wp\/v2\/posts\/53933\/revisions"}],"predecessor-version":[{"id":53935,"href":"https:\/\/corrientesdetarde.com\/index.php\/wp-json\/wp\/v2\/posts\/53933\/revisions\/53935"}],"wp:featuredmedia":[{"embeddable":true,"href":"https:\/\/corrientesdetarde.com\/index.php\/wp-json\/wp\/v2\/media\/53934"}],"wp:attachment":[{"href":"https:\/\/corrientesdetarde.com\/index.php\/wp-json\/wp\/v2\/media?parent=53933"}],"wp:term":[{"taxonomy":"category","embeddable":true,"href":"https:\/\/corrientesdetarde.com\/index.php\/wp-json\/wp\/v2\/categories?post=53933"},{"taxonomy":"post_tag","embeddable":true,"href":"https:\/\/corrientesdetarde.com\/index.php\/wp-json\/wp\/v2\/tags?post=53933"}],"curies":[{"name":"wp","href":"https:\/\/api.w.org\/{rel}","templated":true}]}}