{"id":53989,"date":"2023-04-14T19:10:11","date_gmt":"2023-04-14T22:10:11","guid":{"rendered":"https:\/\/corrientesdetarde.com\/?p=53989"},"modified":"2023-04-14T19:10:33","modified_gmt":"2023-04-14T22:10:33","slug":"sigue-la-polemica-con-paredes-allegri-quiso-que-entrara-al-partido-y-el-mediocampista-no-tenia-la-camiseta","status":"publish","type":"post","link":"https:\/\/corrientesdetarde.com\/index.php\/deportes\/sigue-la-polemica-con-paredes-allegri-quiso-que-entrara-al-partido-y-el-mediocampista-no-tenia-la-camiseta\/","title":{"rendered":"Sigue la pol\u00e9mica con Paredes: Allegri quiso que entrara al partido y el mediocampista no ten\u00eda la camiseta"},"content":{"rendered":"\n<p>Ya hab\u00edan discutido y esta vez el jugador tuvo que correr al vestuario para cumplir con el pedido del entrenador. Hubo un momento de mucha tensi\u00f3n entre el argentino y el DT en el partido de la Europa League.<\/p>\n\n\n\n<p>La estad\u00eda de\u00a0Leandro Paredes\u00a0en Juventus no est\u00e1 saliendo como se esperaba. El mediocampista argentino se fue del PSG en busca de minutos, pero su elecci\u00f3n no fue la mejor porque el entrenador no lo tiene como prioridad. Pero como si fuera poco, hace algunas semanas\u00a0tuvo una fuerte discusi\u00f3n con Massimiliano Allegri por su falta de rodaje  \u00a0y sum\u00f3 un nuevo cap\u00edtulo a la novela.<\/p>\n\n\n\n<p>En el encuentro ante Sporting Lisboa por la Europa League,&nbsp;<strong>el ex Boca fue suplente y hacia el final del partido pensaba que no iba a jugar<\/strong>. Sin embargo, el entrenador italiano decidi\u00f3 mandarlo a la cancha y se gener\u00f3 el conflicto. Convencido de que se quedaba afuera, Paredes le regal\u00f3 su&nbsp;<strong>camiseta a un hincha. Por eso tuvo que correr al vestuario cuando el DT lo convoc\u00f3<\/strong>.<\/p>\n\n\n\n<p><strong>Esta situaci\u00f3n sac\u00f3 de sus casillas a Allegri que no ocult\u00f3 su bronca y se descarg\u00f3 en pleno terreno de juego<\/strong>. Por supuesto, los hinchas captaron este momento y contribuyeron a este nuevo esc\u00e1ndalo.<\/p>\n\n\n\n<p>A pesar de esta situaci\u00f3n, el ex Empoli jug\u00f3 desde los 86 minutos y sum\u00f3 un pu\u00f1ado de minutos. No obstante, el clima de tensi\u00f3n se acrecienta y todo parece indicar que&nbsp;<strong>el ciclo del campe\u00f3n del mundo en la Vecchia Signora est\u00e1 llegando a su fin<\/strong>&nbsp;ya que est\u00e1 a pr\u00e9stamo hasta junio de este a\u00f1o.<\/p>\n\n\n\n<figure class=\"wp-block-image\"><img decoding=\"async\" src=\"https:\/\/tn.com.ar\/resizer\/3OyGiK1DpT47HvBlUXa5tsXX_1k=\/767x0\/smart\/filters:format(webp)\/cloudfront-us-east-1.images.arcpublishing.com\/artear\/WWR2F2LMVJBZXMPGTPQW6PVU54.jfif\" alt=\"Leandro Paredes volvi\u00f3 a ser suplente en Juventus y discuti\u00f3 con Allegri por un descuido. (Foto: AFP)\"\/><\/figure>\n\n\n\n<h2 class=\"wp-block-heading\">Allegri habl\u00f3 de su discusi\u00f3n con Leandro Paredes<\/h2>\n\n\n\n<p>El episodio que protagonizaron Leandro Paredes y Massimiliano Allegri en el vestuario de Juventus no fue un hecho que pas\u00f3 inadvertido. El entrenador italiano y el jugador argentino se dijeron de todo, a los gritos, y la noticia impact\u00f3 en todos los medios.<\/p>\n\n\n\n<p>Tanto es as\u00ed que en la conferencia de prensa previa al encuentro por Europa League, el DT fue consultado sobre esta pol\u00e9mica y no se ocult\u00f3. \u201c<strong>Hubo una discusi\u00f3n de ideas, porque Leandro ha jugado menos en este per\u00edodo despu\u00e9s de haber jugado mucho al principio<\/strong>. Es normal que haya un poco de frustraci\u00f3n por esto, pero tomo decisiones basadas en lo que veo. Puede ser \u00fatil para el equipo, todos deben sentirse parte del grupo.Estoy contento con la reacci\u00f3n, significa que le importa\u201d, sostuvo Allegri.<\/p>\n","protected":false},"excerpt":{"rendered":"<p>Ya hab\u00edan discutido y esta vez el jugador tuvo que correr al vestuario para cumplir con el pedido del entrenador. Hubo un momento de mucha tensi\u00f3n entre el argentino y&hellip; <\/p>\n","protected":false},"author":8,"featured_media":53990,"comment_status":"closed","ping_status":"open","sticky":false,"template":"","format":"standard","meta":{"footnotes":""},"categories":[4],"tags":[],"class_list":["post-53989","post","type-post","status-publish","format-standard","has-post-thumbnail","hentry","category-deportes"],"_links":{"self":[{"href":"https:\/\/corrientesdetarde.com\/index.php\/wp-json\/wp\/v2\/posts\/53989","targetHints":{"allow":["GET"]}}],"collection":[{"href":"https:\/\/corrientesdetarde.com\/index.php\/wp-json\/wp\/v2\/posts"}],"about":[{"href":"https:\/\/corrientesdetarde.com\/index.php\/wp-json\/wp\/v2\/types\/post"}],"author":[{"embeddable":true,"href":"https:\/\/corrientesdetarde.com\/index.php\/wp-json\/wp\/v2\/users\/8"}],"replies":[{"embeddable":true,"href":"https:\/\/corrientesdetarde.com\/index.php\/wp-json\/wp\/v2\/comments?post=53989"}],"version-history":[{"count":1,"href":"https:\/\/corrientesdetarde.com\/index.php\/wp-json\/wp\/v2\/posts\/53989\/revisions"}],"predecessor-version":[{"id":53991,"href":"https:\/\/corrientesdetarde.com\/index.php\/wp-json\/wp\/v2\/posts\/53989\/revisions\/53991"}],"wp:featuredmedia":[{"embeddable":true,"href":"https:\/\/corrientesdetarde.com\/index.php\/wp-json\/wp\/v2\/media\/53990"}],"wp:attachment":[{"href":"https:\/\/corrientesdetarde.com\/index.php\/wp-json\/wp\/v2\/media?parent=53989"}],"wp:term":[{"taxonomy":"category","embeddable":true,"href":"https:\/\/corrientesdetarde.com\/index.php\/wp-json\/wp\/v2\/categories?post=53989"},{"taxonomy":"post_tag","embeddable":true,"href":"https:\/\/corrientesdetarde.com\/index.php\/wp-json\/wp\/v2\/tags?post=53989"}],"curies":[{"name":"wp","href":"https:\/\/api.w.org\/{rel}","templated":true}]}}