{"id":54720,"date":"2023-04-18T13:37:16","date_gmt":"2023-04-18T16:37:16","guid":{"rendered":"https:\/\/corrientesdetarde.com\/?p=54720"},"modified":"2023-04-18T13:37:38","modified_gmt":"2023-04-18T16:37:38","slug":"el-gobierno-provincial-presento-dispositivo-de-seguridad-por-la-123-peregrinacion-de-comunidades-a-itati","status":"publish","type":"post","link":"https:\/\/corrientesdetarde.com\/index.php\/cultura\/el-gobierno-provincial-presento-dispositivo-de-seguridad-por-la-123-peregrinacion-de-comunidades-a-itati\/","title":{"rendered":"El Gobierno provincial present\u00f3 dispositivo de seguridad por la 123\u00b0 Peregrinaci\u00f3n de comunidades a Itat\u00ed"},"content":{"rendered":"\n<p>Este martes, la Provincia present\u00f3 el dispositivo especial de seguridad con motivo de la CXXIII\u00b0 Peregrinaci\u00f3n de las comunidades de Santa Ana, Paso de la Patria y San Cosme hacia la Basilica de Nuestra Se\u00f1ora de Itat\u00ed. La misma, tendr\u00e1 lugar del 20 al 25 de abril. Debido a estas jornadas de celebraci\u00f3n religiosa, el gobernador Vald\u00e9s declar\u00f3 asueto administrativo y escolar para los municipios mencionados, del 20 al 24 del corriente mes.<\/p>\n\n\n\n<p>El acto tuvo lugar en el Sal\u00f3n Verde de Casa de Gobierno, con la presencia de funcionarios de Seguridad y Turismo e intendentes de las mencionadas comunas.<\/p>\n\n\n\n<p>Con motivo de la \u201cPeregrinaci\u00f3n de los Tres Pueblos\u201d, bajo el lema \u201ccon Mar\u00eda y Jos\u00e9 caminemos con esperanza\u201d, desde el Ministerio de Seguridad, conjuntamente con la Subsecretaria de Seguridad y la Polic\u00eda de Corrientes, a trav\u00e9s de la Direcci\u00f3n de Planeamiento y Operaciones; la Direcci\u00f3n General de Seguridad Vial; la Direcci\u00f3n General de Coordinaci\u00f3n e Interior y la Direcci\u00f3n General de Seguridad y Prevenci\u00f3n del Delito, han dispuesto un operativo de seguridad, a implementarse durante y despu\u00e9s de la culminaci\u00f3n de todas las actividades religiosas previstas (peregrinaci\u00f3n y actos varios), a fin de brindar seguridad a los asistentes, peregrinos, m\u00f3viles y otras personas que se desplacen durante el trayecto que comprende la peregrinaci\u00f3n y en la localidad de Itat\u00ed, afectando para ello efectivos y veh\u00edculos, entre otros.<\/p>\n\n\n\n<p>Adem\u00e1s, se coordinar\u00e1 dicho servicio, con las dem\u00e1s Dependencias Policiales, Fuerzas de Seguridad (Gendarmer\u00eda, Prefectura, Polic\u00eda Federal) y otras Instituciones involucradas (Iglesias, Defensa Civil, Agencia Nacional de Seguridad Vial, Vialidad Provincial, Direcci\u00f3n Provincial de Energ\u00eda de Corrientes, Bomberos Voluntarios, Cruz Roja Argentina, Municipalidades (Ciudad de Corrientes, Itat\u00ed, San Cosme, Ramada Paso, Paso de la Patria, Santa Ana), Salud P\u00fablica, entre otras.<\/p>\n\n\n\n<figure class=\"wp-block-image size-large\"><img loading=\"lazy\" decoding=\"async\" width=\"1024\" height=\"682\" src=\"https:\/\/corrientesdetarde.com\/wp-content\/uploads\/2023\/04\/image-451-1024x682.png\" alt=\"\" class=\"wp-image-54721\" srcset=\"https:\/\/corrientesdetarde.com\/wp-content\/uploads\/2023\/04\/image-451-1024x682.png 1024w, https:\/\/corrientesdetarde.com\/wp-content\/uploads\/2023\/04\/image-451-300x200.png 300w, https:\/\/corrientesdetarde.com\/wp-content\/uploads\/2023\/04\/image-451-768x512.png 768w, https:\/\/corrientesdetarde.com\/wp-content\/uploads\/2023\/04\/image-451-1536x1023.png 1536w, https:\/\/corrientesdetarde.com\/wp-content\/uploads\/2023\/04\/image-451-272x182.png 272w, https:\/\/corrientesdetarde.com\/wp-content\/uploads\/2023\/04\/image-451.png 1600w\" sizes=\"auto, (max-width: 1024px) 100vw, 1024px\" \/><\/figure>\n\n\n\n<p><strong>Asueto para las localidades<\/strong><\/p>\n\n\n\n<p>Cabe remarcar que por medio del Decreto N\u00b0686, el gobernador Gustavo Vald\u00e9s declar\u00f3 asueto administrativo y escolar el 21 y 24 de abril para los municipios de San Cosme, Itat\u00ed, Paso de la Patria y Santa Ana, con motivo de la realizaci\u00f3n de la 123\u00b0 Peregrinaci\u00f3n Anual a la Bas\u00edlica de la Virgen.<\/p>\n\n\n\n<p><strong>Dispositivo de seguridad<\/strong><\/p>\n\n\n\n<p>Los feligreses, en forma conjunta, marchar\u00e1n hacia la bas\u00edlica de Nuestra Se\u00f1ora de Itat\u00ed, utilizando como v\u00edas de desplazamiento las rutas provinciales N\u00ba43, 6 y 89, como as\u00ed tambi\u00e9n, la Ruta Nacional N\u00ba12; utilizando para tal fin la media calzada derecha, quedando la otra media calzada y banquina para la circulaci\u00f3n vehicular y el desplazamiento se realiza en forma lenta.<\/p>\n\n\n\n<p>La manifestaci\u00f3n de fe, tendr\u00e1 su punto de partida en la localidad de Santa Ana, a las 9, el jueves 20 de abril, en tanto que Paso de la Patria partir\u00e1 el mismo d\u00eda,&nbsp;a las 15.<\/p>\n\n\n\n<p>A las 11.30, la columna de Santa Ana realizar\u00e1 una parada de una hora&nbsp;en la intersecci\u00f3n de la Ruta Nacional 12 y Provincial 9 (Boquer\u00f3n), para almorzar y posteriormente continuar su marcha. Pasadas las 16, &nbsp;llegar\u00e1n hasta el Parador \u201cDel Peregrino\u201d, ubicado en el Paraje Ensenada Grande, lugar donde descansar\u00e1n hasta el d\u00eda siguiente.<\/p>\n\n\n\n<p>Por su parte, los peregrinos de Paso de la Patria, iniciar\u00e1n su marcha a las 15, llegando a las 17.30 a San Cosme, donde permanecer\u00e1n hasta el d\u00eda siguiente (21 de abril), donde a las 06, reanudar\u00e1n la peregrinaci\u00f3n conjuntamente con la comunidad de San Cosme.<\/p>\n\n\n\n<p>A las 9, las columnas de Paso de la Patria y San Cosme se unir\u00e1n a la de Santa Ana, en Ensenada Grande (parador del peregrino), llegando a las 12 en la capilla San Antonio de Padua de la localidad de Ramada Paso, donde almorzar\u00e1n, continuando la marcha hacia la Bas\u00edlica.<\/p>\n\n\n\n<p>El ingreso a la localidad de Itat\u00ed est\u00e1 previsto que se produzca por la ruta provincial N\u00ba20, en tanto el arribo a la Bas\u00edlica est\u00e1 previsto para el d\u00eda 21, a las 16.30 horas, en tanto las rutas provinciales N\u00ba98 y 21 ser\u00e1n utilizadas como salidas de los veh\u00edculos que egresen desde Itati.<\/p>\n\n\n\n<p>El d\u00eda 24, a las 6, se partir\u00e1 de regreso. A las 15.30, los peregrinos de la comunidad de Santa Ana y San Cosme, ingresar\u00e1n a esta \u00faltima localidad, continuando su camino la comunidad de Paso de la Patria.<\/p>\n\n\n\n<p>Teniendo en cuenta, la gran afluencia de personas que se desplazar\u00e1 sobre la ruta, se dispondr\u00e1 de puestos fijos y m\u00f3viles sobre todo el recorrido, con el fin de advertir a los transportistas y conductores, sobre los distintos trayectos alternativos y desv\u00edos, avisando que hay una peregrinaci\u00f3n en tr\u00e1nsito.<\/p>\n\n\n\n<p>Adem\u00e1s, se dispondr\u00e1 que las dependencias policiales, que tengan jurisdicci\u00f3n sobre Ruta Nacional 12, desde la Rotonda Virgen de Itat\u00ed hasta la localidad de Itat\u00ed, realicen recorrida por dicha ruta nacional, para regulaci\u00f3n del tr\u00e1nsito y trabajos de prevenci\u00f3n.&nbsp;&nbsp;&nbsp;&nbsp;&nbsp;&nbsp;&nbsp;&nbsp;&nbsp;&nbsp;&nbsp;&nbsp;&nbsp;&nbsp;<\/p>\n\n\n\n<p>En el Plan de Seguridad, tendr\u00e1n intervenci\u00f3n efectivos de las distintas dependencias bajo la \u00f3rbita de la Direcci\u00f3n General de Seguridad y Prevenci\u00f3n del Delito; la Direcci\u00f3n General de Coordinaci\u00f3n e Interior, como ser: la Unidad Regional I\u00ba de San Luis del Palmar; la Unidad Regional VII- Saladas y de la Unidad Regional VII de Ituzaing\u00f3, contando con la estrecha colaboraci\u00f3n de las Unidad Especial de Tr\u00e1nsito y Caminera de Capital e Interior, dependientes de la Direcci\u00f3n General de Seguridad Vial.<\/p>\n\n\n\n<figure class=\"wp-block-image size-large\"><img loading=\"lazy\" decoding=\"async\" width=\"1024\" height=\"682\" src=\"https:\/\/corrientesdetarde.com\/wp-content\/uploads\/2023\/04\/image-452-1024x682.png\" alt=\"\" class=\"wp-image-54722\" srcset=\"https:\/\/corrientesdetarde.com\/wp-content\/uploads\/2023\/04\/image-452-1024x682.png 1024w, https:\/\/corrientesdetarde.com\/wp-content\/uploads\/2023\/04\/image-452-300x200.png 300w, https:\/\/corrientesdetarde.com\/wp-content\/uploads\/2023\/04\/image-452-768x512.png 768w, https:\/\/corrientesdetarde.com\/wp-content\/uploads\/2023\/04\/image-452-1536x1023.png 1536w, https:\/\/corrientesdetarde.com\/wp-content\/uploads\/2023\/04\/image-452-272x182.png 272w, https:\/\/corrientesdetarde.com\/wp-content\/uploads\/2023\/04\/image-452.png 1600w\" sizes=\"auto, (max-width: 1024px) 100vw, 1024px\" \/><\/figure>\n\n\n\n<p><strong>Seguridad de peregrinos durante su desplazamiento<\/strong><\/p>\n\n\n\n<p>La peregrinaci\u00f3n, se iniciar\u00e1 desde en las inmediaciones de la Iglesia de la localidad de Santa Ana, a las 08 del d\u00eda 20, encabezado por la imagen de la Virgen de Santa Ana. Delante de la peregrinaci\u00f3n: se ubicar\u00e1 (a unos 4 km.), un m\u00f3vil policial con balizas encendidas y equipo de se\u00f1alizaci\u00f3n adecuados (conos, luces, bandoleras, chalecos refractarios, etc.), y actuar\u00e1 preventivamente ante la aparici\u00f3n de veh\u00edculos usuarios de la v\u00eda p\u00fablica, para advertir la presencia de la peregrinaci\u00f3n y adoptar las medidas de seguridad del caso. Detr\u00e1s de la Peregrinaci\u00f3n, se instalar\u00e1 un servicio de seguridad por posta a cargo de la patrulla motorizada afectada al presente servicio, con id\u00e9nticas directivas a la mencionada en el punto anterior.<\/p>\n\n\n\n<p>Al costado de la marcha de la peregrinaci\u00f3n, se afectar\u00e1 Personal Policial Motoristas, a efectos de mantener una l\u00ednea de ocupaci\u00f3n &#8211; banquina Izquierda (de frente a los veh\u00edculos que circulan por Ruta Nacional 12).<\/p>\n\n\n\n<p><strong>Presencias<\/strong><\/p>\n\n\n\n<p>Estuvieron presentes en la oportunidad, los subsecretarios de Seguridad, Osvaldo de los Santos Garc\u00eda; de Gobierno, Luis Bravo; de Turismo, Carlos Gatti; el director de Defensa Civil, Eulogio M\u00e1rquez; funcionarios policiales; las intendentes de San Cosme, Giovanna Morales; de Santa Ana, Silvana Almir\u00f3n y la viceintendente de Paso de la Patria, Gloria Costaguta.<\/p>\n\n\n\n<figure class=\"wp-block-image size-large\"><img loading=\"lazy\" decoding=\"async\" width=\"1024\" height=\"682\" src=\"https:\/\/corrientesdetarde.com\/wp-content\/uploads\/2023\/04\/image-453-1024x682.png\" alt=\"\" class=\"wp-image-54723\" srcset=\"https:\/\/corrientesdetarde.com\/wp-content\/uploads\/2023\/04\/image-453-1024x682.png 1024w, https:\/\/corrientesdetarde.com\/wp-content\/uploads\/2023\/04\/image-453-300x200.png 300w, https:\/\/corrientesdetarde.com\/wp-content\/uploads\/2023\/04\/image-453-768x512.png 768w, https:\/\/corrientesdetarde.com\/wp-content\/uploads\/2023\/04\/image-453-1536x1023.png 1536w, https:\/\/corrientesdetarde.com\/wp-content\/uploads\/2023\/04\/image-453-272x182.png 272w, https:\/\/corrientesdetarde.com\/wp-content\/uploads\/2023\/04\/image-453.png 1600w\" sizes=\"auto, (max-width: 1024px) 100vw, 1024px\" \/><\/figure>\n","protected":false},"excerpt":{"rendered":"<p>Este martes, la Provincia present\u00f3 el dispositivo especial de seguridad con motivo de la CXXIII\u00b0 Peregrinaci\u00f3n de las comunidades de Santa Ana, Paso de la Patria y San Cosme hacia&hellip; <\/p>\n","protected":false},"author":1,"featured_media":54724,"comment_status":"closed","ping_status":"open","sticky":false,"template":"","format":"standard","meta":{"footnotes":""},"categories":[15,17],"tags":[],"class_list":["post-54720","post","type-post","status-publish","format-standard","has-post-thumbnail","hentry","category-cultura","category-sociales"],"_links":{"self":[{"href":"https:\/\/corrientesdetarde.com\/index.php\/wp-json\/wp\/v2\/posts\/54720","targetHints":{"allow":["GET"]}}],"collection":[{"href":"https:\/\/corrientesdetarde.com\/index.php\/wp-json\/wp\/v2\/posts"}],"about":[{"href":"https:\/\/corrientesdetarde.com\/index.php\/wp-json\/wp\/v2\/types\/post"}],"author":[{"embeddable":true,"href":"https:\/\/corrientesdetarde.com\/index.php\/wp-json\/wp\/v2\/users\/1"}],"replies":[{"embeddable":true,"href":"https:\/\/corrientesdetarde.com\/index.php\/wp-json\/wp\/v2\/comments?post=54720"}],"version-history":[{"count":1,"href":"https:\/\/corrientesdetarde.com\/index.php\/wp-json\/wp\/v2\/posts\/54720\/revisions"}],"predecessor-version":[{"id":54725,"href":"https:\/\/corrientesdetarde.com\/index.php\/wp-json\/wp\/v2\/posts\/54720\/revisions\/54725"}],"wp:featuredmedia":[{"embeddable":true,"href":"https:\/\/corrientesdetarde.com\/index.php\/wp-json\/wp\/v2\/media\/54724"}],"wp:attachment":[{"href":"https:\/\/corrientesdetarde.com\/index.php\/wp-json\/wp\/v2\/media?parent=54720"}],"wp:term":[{"taxonomy":"category","embeddable":true,"href":"https:\/\/corrientesdetarde.com\/index.php\/wp-json\/wp\/v2\/categories?post=54720"},{"taxonomy":"post_tag","embeddable":true,"href":"https:\/\/corrientesdetarde.com\/index.php\/wp-json\/wp\/v2\/tags?post=54720"}],"curies":[{"name":"wp","href":"https:\/\/api.w.org\/{rel}","templated":true}]}}