{"id":54733,"date":"2023-04-18T14:49:20","date_gmt":"2023-04-18T17:49:20","guid":{"rendered":"https:\/\/corrientesdetarde.com\/?p=54733"},"modified":"2023-04-18T14:49:42","modified_gmt":"2023-04-18T17:49:42","slug":"la-municipalidad-realizara-la-segunda-fecha-de-las-maratones-barriales","status":"publish","type":"post","link":"https:\/\/corrientesdetarde.com\/index.php\/deportes\/la-municipalidad-realizara-la-segunda-fecha-de-las-maratones-barriales\/","title":{"rendered":"La Municipalidad realizar\u00e1 la segunda fecha de las Maratones Barriales"},"content":{"rendered":"\n<p><em>Tendr\u00e1 lugar este s\u00e1bado, desde las 16, en el barrio Santa Catalina. Se correr\u00e1 en dos modalidades: Participativo (2km) y Competitivo (6km). Para informes e inscripci\u00f3n los interesados deber\u00e1n ingresar al link\u00a0<a href=\"https:\/\/ciudaddecorrientes.us12.list-manage.com\/track\/click?u=253e4bcff71216c6af771c3c9&amp;id=94cb26418e&amp;e=17643edfa8\" target=\"_blank\" rel=\"noreferrer noopener\">www.xurl.es\/maratonesbarriales<\/a>.<\/em><\/p>\n\n\n\n<figure class=\"wp-block-table\"><table><tbody><tr><td><br>La Municipalidad de Corrientes realizar\u00e1 este s\u00e1bado la segunda fecha de las Maratones Barriales en el barrio Santa Catalina. Las inscripciones est\u00e1n abiertas hasta el jueves al mediod\u00eda en el link\u00a0<a href=\"https:\/\/ciudaddecorrientes.us12.list-manage.com\/track\/click?u=253e4bcff71216c6af771c3c9&amp;id=8925ad8550&amp;e=17643edfa8\" target=\"_blank\" rel=\"noreferrer noopener\">www.xurl.es\/maratonesbarriales<\/a>.<br><br>Se trata de una acci\u00f3n que es organizada por la secretar\u00eda de Turismo y Deportes con el objetivo de promover la actividad f\u00edsica saludable y que se desarrollar\u00e1 a lo largo del a\u00f1o, en un total de 8 competencias.<br>\u00a0<br>Las pruebas pedestres se realizar\u00e1n a partir de las 16 con la largada que ser\u00e1 en las inmediaciones de la Sala de Atenci\u00f3n Primaria de la Salud (SAPS) del barrio Santa Catalina, por calle Abelardo Dimotta y avenida Pedro Montenegro.<br>\u00a0<br>Podr\u00e1n participar de las pruebas, previstas en las distancias de 2 km (Participativo) y de 6km (Competitivo), todas aquellas personas que completen el formulario de inscripci\u00f3n e informaci\u00f3n que se puede encontrar en el link:\u00a0<a href=\"http:\/\/www.xurl.es\/maratonesbarriales\" target=\"_blank\" rel=\"noreferrer noopener\">www.xurl.es\/maratonesbarriales<\/a>.<br>\u00a0<br>CATEGOR\u00cdAS, RECORRIDO Y PREMIOS<br><br>En la distancia de 2km habr\u00e1 una sola categor\u00eda (sin distinci\u00f3n de edad, dividida \u00fanicamente por sexo), mientras que en la modalidad Competitiva 6km, las categor\u00edas se dividir\u00e1n por edades y sexo en: de 14 a 17 a\u00f1os; de 18 a 29; de 30 a 39; de 40 a 49; de 50 a 59; de\u00a060 a\u00f1os o 69, y de 70 en adelante.<br>\u00a0<br>El recorrido iniciar\u00e1 frente a la SAPS del barrio Santa Catalina, y tendr\u00e1 lugar por las siguientes arterias: avenida Pedro Montenegro, Damasio Esquivel, Blas Martines Riera y avenida Argentina Rojas.<br><br>Se otorgar\u00e1n premios a los tres primeros de cada categor\u00eda y sexo, tanto de la modalidad Participativa como de la Competitiva.<br>\u00a0<br>INSCRIPCIONES<br><br>Las inscripciones se encuentran abiertas hasta este jueves 20 de abril a trav\u00e9s de la modalidad online.<br>\u00a0<br>Desde la organizaci\u00f3n se aclar\u00f3 que no habr\u00e1 inscripci\u00f3n presencial, solo ratificaci\u00f3n de la inscripci\u00f3n online y entrega del n\u00famero correspondiente, con plazo l\u00edmite hasta media hora antes del inicio de la prueba en la zona de la largada.<br>\u00a0<br>CRONOGRAMA ANUAL<br><br>Las siguientes fechas previstas de las Maratones Barriales 2023 son las siguientes:<br><br>27 de mayo: barrio Juan de Vera.<br>17 de junio: barrio Laguna Seca.<br>19 de agosto: barrio Molina Punta.<br>16 de septiembre: barrio Independencia.<br>14 de octubre: barrio San Ger\u00f3nimo.<br>18 de noviembre: avenida Costanera.<\/td><\/tr><\/tbody><\/table><\/figure>\n\n\n\n<figure class=\"wp-block-table\"><table><tbody><tr><td><\/td><\/tr><\/tbody><\/table><\/figure>\n\n\n\n<figure class=\"wp-block-image size-large\"><img loading=\"lazy\" decoding=\"async\" width=\"1024\" height=\"682\" src=\"https:\/\/corrientesdetarde.com\/wp-content\/uploads\/2023\/04\/image-454-1024x682.png\" alt=\"\" class=\"wp-image-54734\" srcset=\"https:\/\/corrientesdetarde.com\/wp-content\/uploads\/2023\/04\/image-454-1024x682.png 1024w, https:\/\/corrientesdetarde.com\/wp-content\/uploads\/2023\/04\/image-454-300x200.png 300w, https:\/\/corrientesdetarde.com\/wp-content\/uploads\/2023\/04\/image-454-768x512.png 768w, https:\/\/corrientesdetarde.com\/wp-content\/uploads\/2023\/04\/image-454-272x182.png 272w, https:\/\/corrientesdetarde.com\/wp-content\/uploads\/2023\/04\/image-454.png 1280w\" sizes=\"auto, (max-width: 1024px) 100vw, 1024px\" \/><\/figure>\n\n\n\n<figure class=\"wp-block-image size-large\"><img loading=\"lazy\" decoding=\"async\" width=\"1024\" height=\"682\" src=\"https:\/\/corrientesdetarde.com\/wp-content\/uploads\/2023\/04\/image-455-1024x682.png\" alt=\"\" class=\"wp-image-54735\" srcset=\"https:\/\/corrientesdetarde.com\/wp-content\/uploads\/2023\/04\/image-455-1024x682.png 1024w, https:\/\/corrientesdetarde.com\/wp-content\/uploads\/2023\/04\/image-455-300x200.png 300w, https:\/\/corrientesdetarde.com\/wp-content\/uploads\/2023\/04\/image-455-768x512.png 768w, https:\/\/corrientesdetarde.com\/wp-content\/uploads\/2023\/04\/image-455-272x182.png 272w, https:\/\/corrientesdetarde.com\/wp-content\/uploads\/2023\/04\/image-455.png 1280w\" sizes=\"auto, (max-width: 1024px) 100vw, 1024px\" \/><\/figure>\n\n\n\n<figure class=\"wp-block-image size-large\"><img loading=\"lazy\" decoding=\"async\" width=\"1024\" height=\"771\" src=\"https:\/\/corrientesdetarde.com\/wp-content\/uploads\/2023\/04\/image-457-1024x771.png\" alt=\"\" class=\"wp-image-54738\" srcset=\"https:\/\/corrientesdetarde.com\/wp-content\/uploads\/2023\/04\/image-457-1024x771.png 1024w, https:\/\/corrientesdetarde.com\/wp-content\/uploads\/2023\/04\/image-457-300x226.png 300w, https:\/\/corrientesdetarde.com\/wp-content\/uploads\/2023\/04\/image-457-768x578.png 768w, https:\/\/corrientesdetarde.com\/wp-content\/uploads\/2023\/04\/image-457.png 1280w\" sizes=\"auto, (max-width: 1024px) 100vw, 1024px\" \/><\/figure>\n","protected":false},"excerpt":{"rendered":"<p>Tendr\u00e1 lugar este s\u00e1bado, desde las 16, en el barrio Santa Catalina. Se correr\u00e1 en dos modalidades: Participativo (2km) y Competitivo (6km). Para informes e inscripci\u00f3n los interesados deber\u00e1n ingresar&hellip; <\/p>\n","protected":false},"author":8,"featured_media":54737,"comment_status":"closed","ping_status":"open","sticky":false,"template":"","format":"standard","meta":{"footnotes":""},"categories":[4],"tags":[],"class_list":["post-54733","post","type-post","status-publish","format-standard","has-post-thumbnail","hentry","category-deportes"],"_links":{"self":[{"href":"https:\/\/corrientesdetarde.com\/index.php\/wp-json\/wp\/v2\/posts\/54733","targetHints":{"allow":["GET"]}}],"collection":[{"href":"https:\/\/corrientesdetarde.com\/index.php\/wp-json\/wp\/v2\/posts"}],"about":[{"href":"https:\/\/corrientesdetarde.com\/index.php\/wp-json\/wp\/v2\/types\/post"}],"author":[{"embeddable":true,"href":"https:\/\/corrientesdetarde.com\/index.php\/wp-json\/wp\/v2\/users\/8"}],"replies":[{"embeddable":true,"href":"https:\/\/corrientesdetarde.com\/index.php\/wp-json\/wp\/v2\/comments?post=54733"}],"version-history":[{"count":1,"href":"https:\/\/corrientesdetarde.com\/index.php\/wp-json\/wp\/v2\/posts\/54733\/revisions"}],"predecessor-version":[{"id":54739,"href":"https:\/\/corrientesdetarde.com\/index.php\/wp-json\/wp\/v2\/posts\/54733\/revisions\/54739"}],"wp:featuredmedia":[{"embeddable":true,"href":"https:\/\/corrientesdetarde.com\/index.php\/wp-json\/wp\/v2\/media\/54737"}],"wp:attachment":[{"href":"https:\/\/corrientesdetarde.com\/index.php\/wp-json\/wp\/v2\/media?parent=54733"}],"wp:term":[{"taxonomy":"category","embeddable":true,"href":"https:\/\/corrientesdetarde.com\/index.php\/wp-json\/wp\/v2\/categories?post=54733"},{"taxonomy":"post_tag","embeddable":true,"href":"https:\/\/corrientesdetarde.com\/index.php\/wp-json\/wp\/v2\/tags?post=54733"}],"curies":[{"name":"wp","href":"https:\/\/api.w.org\/{rel}","templated":true}]}}