{"id":55004,"date":"2023-04-19T11:21:31","date_gmt":"2023-04-19T14:21:31","guid":{"rendered":"https:\/\/corrientesdetarde.com\/?p=55004"},"modified":"2023-04-19T11:21:52","modified_gmt":"2023-04-19T14:21:52","slug":"plus-de-refuerzo-quienes-cobran-los-15-mil-pesos-del-gobierno-de-corrientes-este-miercoles-19","status":"publish","type":"post","link":"https:\/\/corrientesdetarde.com\/index.php\/economia\/plus-de-refuerzo-quienes-cobran-los-15-mil-pesos-del-gobierno-de-corrientes-este-miercoles-19\/","title":{"rendered":"Plus de Refuerzo: \u00bfQui\u00e9nes cobran los 15 mil pesos del Gobierno de Corrientes este mi\u00e9rcoles 19?"},"content":{"rendered":"\n<p>Contin\u00faa el cronograma de pagos del plus de refuerzo. El esquema se completar\u00e1 el pr\u00f3ximo viernes 21.<\/p>\n\n\n\n<p>El Gobierno de Corrientes sigue abonando el plus de refuerzo para los empleados p\u00fablicos. Se trata de una suma de 15 mil pesos que se paga por trabajador.<\/p>\n\n\n\n<p>Este mi\u00e9rcoles es el turno de los estatales con DNI terminados en 4 y 5. En tanto que el jueves ser\u00e1 el turno de 6 y 7.<\/p>\n\n\n\n<p>El viernes ser\u00e1 el \u00faltimo d\u00eda para 8 y 9.<\/p>\n\n\n\n<p>Una vez concluido este esquema se activar\u00eda la pr\u00f3xima semana el pago de sueldos correspondientes al mes de abril. Esto comenzar\u00eda el pr\u00f3ximo lunes.<\/p>\n\n\n\n<figure class=\"wp-block-embed is-type-rich is-provider-twitter wp-block-embed-twitter\"><div class=\"wp-block-embed__wrapper\">\n<blockquote class=\"twitter-tweet\" data-width=\"550\" data-dnt=\"true\"><p lang=\"es\" dir=\"ltr\">\u00a1Buenos d\u00edas! El Plus de Refuerzo del mes de abril para trabajadores provinciales activos y jubilados se pagar\u00e1 por terminaci\u00f3n de DNI:<br><br>\u2022 Lunes 17: 0 y 1*<br>\u2022 Martes 18: 2 y 3<br>\u2022 Mi\u00e9rcoles 19: 4 y 5<br>\u2022 Jueves 20: 6 y 7<br>\u2022 Viernes 21: 8 y 9<br><br>* En cajeros, s\u00e1bado 15.<\/p>&mdash; Gustavo Vald\u00e9s (@gustavovaldesok) <a href=\"https:\/\/twitter.com\/gustavovaldesok\/status\/1646853376892600328?ref_src=twsrc%5Etfw\">April 14, 2023<\/a><\/blockquote><script async src=\"https:\/\/platform.twitter.com\/widgets.js\" charset=\"utf-8\"><\/script>\n<\/div><\/figure>\n","protected":false},"excerpt":{"rendered":"<p>Contin\u00faa el cronograma de pagos del plus de refuerzo. El esquema se completar\u00e1 el pr\u00f3ximo viernes 21. El Gobierno de Corrientes sigue abonando el plus de refuerzo para los empleados&hellip; <\/p>\n","protected":false},"author":4,"featured_media":55005,"comment_status":"closed","ping_status":"open","sticky":false,"template":"","format":"standard","meta":{"footnotes":""},"categories":[20],"tags":[],"class_list":["post-55004","post","type-post","status-publish","format-standard","has-post-thumbnail","hentry","category-economia"],"_links":{"self":[{"href":"https:\/\/corrientesdetarde.com\/index.php\/wp-json\/wp\/v2\/posts\/55004","targetHints":{"allow":["GET"]}}],"collection":[{"href":"https:\/\/corrientesdetarde.com\/index.php\/wp-json\/wp\/v2\/posts"}],"about":[{"href":"https:\/\/corrientesdetarde.com\/index.php\/wp-json\/wp\/v2\/types\/post"}],"author":[{"embeddable":true,"href":"https:\/\/corrientesdetarde.com\/index.php\/wp-json\/wp\/v2\/users\/4"}],"replies":[{"embeddable":true,"href":"https:\/\/corrientesdetarde.com\/index.php\/wp-json\/wp\/v2\/comments?post=55004"}],"version-history":[{"count":1,"href":"https:\/\/corrientesdetarde.com\/index.php\/wp-json\/wp\/v2\/posts\/55004\/revisions"}],"predecessor-version":[{"id":55006,"href":"https:\/\/corrientesdetarde.com\/index.php\/wp-json\/wp\/v2\/posts\/55004\/revisions\/55006"}],"wp:featuredmedia":[{"embeddable":true,"href":"https:\/\/corrientesdetarde.com\/index.php\/wp-json\/wp\/v2\/media\/55005"}],"wp:attachment":[{"href":"https:\/\/corrientesdetarde.com\/index.php\/wp-json\/wp\/v2\/media?parent=55004"}],"wp:term":[{"taxonomy":"category","embeddable":true,"href":"https:\/\/corrientesdetarde.com\/index.php\/wp-json\/wp\/v2\/categories?post=55004"},{"taxonomy":"post_tag","embeddable":true,"href":"https:\/\/corrientesdetarde.com\/index.php\/wp-json\/wp\/v2\/tags?post=55004"}],"curies":[{"name":"wp","href":"https:\/\/api.w.org\/{rel}","templated":true}]}}