{"id":55015,"date":"2023-04-19T11:45:15","date_gmt":"2023-04-19T14:45:15","guid":{"rendered":"https:\/\/corrientesdetarde.com\/?p=55015"},"modified":"2023-04-19T12:03:33","modified_gmt":"2023-04-19T15:03:33","slug":"desde-abril-aumentan-un-50-las-asignaciones-familiares-y-un-15-el-sueldo-de-los-estatales","status":"publish","type":"post","link":"https:\/\/corrientesdetarde.com\/index.php\/locales\/desde-abril-aumentan-un-50-las-asignaciones-familiares-y-un-15-el-sueldo-de-los-estatales\/","title":{"rendered":"desde abril: Aumentan un 50% las asignaciones familiares y un 15% el sueldo de los estatales"},"content":{"rendered":"\n<p>El ministro de Hacienda de la provincia, Marcelo Rivas Piasentini brind\u00f3 los detalles del aumento salarial, que implica para el Gobierno provincial un desembolso mensual de $2.500 millones para abonar estas medidas de recomposici\u00f3n del salario real de los trabajadores provinciales, y un total de $25.000 en lo que queda del a\u00f1o.<\/p>\n\n\n\n<figure class=\"wp-block-embed is-type-video is-provider-youtube wp-block-embed-youtube wp-embed-aspect-4-3 wp-has-aspect-ratio\"><div class=\"wp-block-embed__wrapper\">\n<iframe loading=\"lazy\" title=\"Anuncios Salariales desde el Ministerio de Hacienda.\" width=\"1110\" height=\"624\" src=\"https:\/\/www.youtube.com\/embed\/-xEDD6n_jE4?feature=oembed\" frameborder=\"0\" allow=\"accelerometer; autoplay; clipboard-write; encrypted-media; gyroscope; picture-in-picture; web-share\" allowfullscreen><\/iframe>\n<\/div><\/figure>\n\n\n\n<p>En el Ministerio de Hacienda, el titular de la cartera, Marcelo Rivas Piasentini brinda los detallles del aumento salarial para los trabajadores estatales. La inversi\u00f3n del Gobierno de Corrientes,&nbsp;implica un<strong>&nbsp;desembolso mensual de $2.500 millones<\/strong>&nbsp;para abonar estas medidas de recomposici\u00f3n del salario real de los trabajadores provinciales, y un total de $25.000 en lo que queda del a\u00f1o.<\/p>\n\n\n\n<h2 class=\"wp-block-heading\">MEDIDAS SALARIALES DE ABRIL: incrementos para trabajadores provinciales activos y jubilados.&nbsp;<\/h2>\n\n\n\n<p><strong>SALARIO FAMILIAR:\u00a0<\/strong><br>\u2022 Se eleva el monto de $10.000 a $15.000. Este 50% de aumento beneficia a 45.000 agentes.<br>DOCENTES:<br>\u2022 $6000 de incremento al b\u00e1sico. Pasa de $39.000 a $45.000.<\/p>\n\n\n\n<p><strong>ADMINISTRACI\u00d3N CENTRAL:<\/strong><br>\u2022 15% de aumento en la asignaci\u00f3n de clase de todas las categor\u00edas.<br>\u2022 Se incorporan $10.000 de bolsillo al concepto 134 para la escala \u00fanica de remuneraciones.<br>\u2022 Adem\u00e1s, $5.000 netos de bolsillo para el resto de los alcanzados por este concepto 134.<br>ADMINISTRACI\u00d3N CENTRAL:<br>\u2022 $10.000 de aumento al concepto no remunerativo, no bonificable -c\u00f3digo 627- para c\u00f3digos de las escalas \u00fanicas, categor\u00edas 030 y 120.<\/p>\n\n\n\n<p><strong>SEGURIDAD:<\/strong><br>\u2022 15% de incremento en Valor Punto.<br>\u2022 15% de aumento en m\u00ednimo garantizado.<br>\u2022 Incremento del c\u00f3digo 601.<br><strong>VIALIDAD:<\/strong><br>\u2022 15% de incremento en el b\u00e1sico.<\/p>\n\n\n\n<p><strong>SALUD P\u00daBLICA:<\/strong><br>\u2022 M\u00e1s de 15% de aumento en el valor de las Guardias M\u00e9dicas, Becas Residentes, Becas de Fortalecimiento y Becas de Enfermer\u00eda. La mejora alcanza a los beneficiarios del programa M\u00e1s y Mejor Trabajo.<\/p>\n\n\n\n<figure class=\"wp-block-image\"><img decoding=\"async\" src=\"https:\/\/www.diarioepoca.com\/content\/bucket\/3\/1291923w762h953c.jpg.webp\" alt=\"\"\/><\/figure>\n\n\n\n<figure class=\"wp-block-image\"><img decoding=\"async\" src=\"https:\/\/www.diarioepoca.com\/content\/bucket\/2\/1291922w762h953c.jpg.webp\" alt=\"\"\/><\/figure>\n\n\n\n<figure class=\"wp-block-embed is-type-rich is-provider-twitter wp-block-embed-twitter\"><div class=\"wp-block-embed__wrapper\">\n<blockquote class=\"twitter-tweet\" data-width=\"550\" data-dnt=\"true\"><p lang=\"es\" dir=\"ltr\">MEDIDAS SALARIALES DE ABRIL | A continuaci\u00f3n, los incrementos para trabajadores provinciales activos y jubilados. <br><br>SALARIO FAMILIAR: <br>\u2022 Se eleva el monto de $10.000 a $15.000. Este 50% de aumento beneficia a 45.000 agentes.<\/p>&mdash; Gustavo Vald\u00e9s (@gustavovaldesok) <a href=\"https:\/\/twitter.com\/gustavovaldesok\/status\/1648690508066111488?ref_src=twsrc%5Etfw\">April 19, 2023<\/a><\/blockquote><script async src=\"https:\/\/platform.twitter.com\/widgets.js\" charset=\"utf-8\"><\/script>\n<\/div><\/figure>\n\n\n\n<figure class=\"wp-block-embed is-type-rich is-provider-twitter wp-block-embed-twitter\"><div class=\"wp-block-embed__wrapper\">\n<blockquote class=\"twitter-tweet\" data-width=\"550\" data-dnt=\"true\"><p lang=\"es\" dir=\"ltr\">VIALIDAD:<br>\u2022 15% de incremento en el b\u00e1sico.<br><br>SALUD P\u00daBLICA:<br>\u2022 M\u00e1s de 15% de aumento en el valor de las Guardias M\u00e9dicas, Becas Residentes, Becas de Fortalecimiento y Becas de Enfermer\u00eda. La mejora alcanza a los beneficiarios del programa M\u00e1s y Mejor Trabajo.<\/p>&mdash; Gustavo Vald\u00e9s (@gustavovaldesok) <a href=\"https:\/\/twitter.com\/gustavovaldesok\/status\/1648690534767108100?ref_src=twsrc%5Etfw\">April 19, 2023<\/a><\/blockquote><script async src=\"https:\/\/platform.twitter.com\/widgets.js\" charset=\"utf-8\"><\/script>\n<\/div><\/figure>\n","protected":false},"excerpt":{"rendered":"<p>El ministro de Hacienda de la provincia, Marcelo Rivas Piasentini brind\u00f3 los detalles del aumento salarial, que implica para el Gobierno provincial un desembolso mensual de $2.500 millones para abonar&hellip; <\/p>\n","protected":false},"author":4,"featured_media":55018,"comment_status":"closed","ping_status":"open","sticky":false,"template":"","format":"standard","meta":{"footnotes":""},"categories":[8],"tags":[],"class_list":["post-55015","post","type-post","status-publish","format-standard","has-post-thumbnail","hentry","category-locales"],"_links":{"self":[{"href":"https:\/\/corrientesdetarde.com\/index.php\/wp-json\/wp\/v2\/posts\/55015","targetHints":{"allow":["GET"]}}],"collection":[{"href":"https:\/\/corrientesdetarde.com\/index.php\/wp-json\/wp\/v2\/posts"}],"about":[{"href":"https:\/\/corrientesdetarde.com\/index.php\/wp-json\/wp\/v2\/types\/post"}],"author":[{"embeddable":true,"href":"https:\/\/corrientesdetarde.com\/index.php\/wp-json\/wp\/v2\/users\/4"}],"replies":[{"embeddable":true,"href":"https:\/\/corrientesdetarde.com\/index.php\/wp-json\/wp\/v2\/comments?post=55015"}],"version-history":[{"count":2,"href":"https:\/\/corrientesdetarde.com\/index.php\/wp-json\/wp\/v2\/posts\/55015\/revisions"}],"predecessor-version":[{"id":55023,"href":"https:\/\/corrientesdetarde.com\/index.php\/wp-json\/wp\/v2\/posts\/55015\/revisions\/55023"}],"wp:featuredmedia":[{"embeddable":true,"href":"https:\/\/corrientesdetarde.com\/index.php\/wp-json\/wp\/v2\/media\/55018"}],"wp:attachment":[{"href":"https:\/\/corrientesdetarde.com\/index.php\/wp-json\/wp\/v2\/media?parent=55015"}],"wp:term":[{"taxonomy":"category","embeddable":true,"href":"https:\/\/corrientesdetarde.com\/index.php\/wp-json\/wp\/v2\/categories?post=55015"},{"taxonomy":"post_tag","embeddable":true,"href":"https:\/\/corrientesdetarde.com\/index.php\/wp-json\/wp\/v2\/tags?post=55015"}],"curies":[{"name":"wp","href":"https:\/\/api.w.org\/{rel}","templated":true}]}}