{"id":55257,"date":"2023-04-20T11:01:05","date_gmt":"2023-04-20T14:01:05","guid":{"rendered":"https:\/\/corrientesdetarde.com\/?p=55257"},"modified":"2023-04-20T11:01:26","modified_gmt":"2023-04-20T14:01:26","slug":"jimena-baron-se-emociono-por-la-ensenanza-que-le-dejo-su-hijo-momo-lo-abrace-y-me-largue-a-llorar","status":"publish","type":"post","link":"https:\/\/corrientesdetarde.com\/index.php\/espectaculos\/jimena-baron-se-emociono-por-la-ensenanza-que-le-dejo-su-hijo-momo-lo-abrace-y-me-largue-a-llorar\/","title":{"rendered":"Jimena Bar\u00f3n se emocion\u00f3 por la ense\u00f1anza que le dej\u00f3 su hijo Momo: \u201cLo abrac\u00e9 y me largu\u00e9 a llorar\u201d"},"content":{"rendered":"\n<p><strong>Jimena Bar\u00f3n<\/strong>\u00a0sorprendi\u00f3 a sus seguidores al postear\u00a0<strong>la ins\u00f3lita reacci\u00f3n que tuvo con el pintor\u00a0<\/strong>que trabaj\u00f3 en su casa. La artista suele compartir momentos de la vida cotidiana en redes sociales y este mi\u00e9rcoles no fue la excepci\u00f3n.<\/p>\n\n\n\n<p>\u201c<strong>Reci\u00e9n termin\u00f3 Luis<\/strong>&nbsp;(pintor que estuvo laburando en casa estos d\u00edas)&nbsp;<strong>y para despedirlo lo abrac\u00e9, me largu\u00e9 a llorar y le regal\u00e9 una caja de 24 SPEEDS\u201d<\/strong>, escribi\u00f3 en un tuit.<\/p>\n\n\n\n<figure class=\"wp-block-image is-resized\"><img loading=\"lazy\" decoding=\"async\" src=\"https:\/\/tn.com.ar\/resizer\/OkX0yEU1hbxZEXhF2uj1yQTno4w=\/767x0\/smart\/filters:format(webp)\/cloudfront-us-east-1.images.arcpublishing.com\/artear\/FVYWGJUBYNBMHBIKJUIXO434HU.JPG\" alt=\"Jimena Bar\u00f3n cont\u00f3 un ins\u00f3lito episodio con el pintor. (Foto: Captura Twitter \/@baronjimena)\" width=\"541\" height=\"116\"\/><figcaption>Jimena Bar\u00f3n cont\u00f3 un ins\u00f3lito episodio con el pintor. (Foto: Captura Twitter \/@baronjimena)<\/figcaption><\/figure>\n\n\n\n<p>Tras admitir que nada de lo ocurrido ten\u00eda sentido, les pidi\u00f3 a sus seguidores que continuaran leyendo. \u201cAl toque entr\u00f3\u00a0<strong>Momo\u00a0<\/strong>y me pregunt\u00f3 \u2018Mam\u00e1, \u00bfpor qu\u00e9 lloras?\u2019 Y le dije, es que\u00a0<strong>Luis se toma un tren muy largo para venir a trabajar y es tan agradecido y feliz&#8230;<\/strong>\u201d, relat\u00f3.<\/p>\n\n\n\n<figure class=\"wp-block-image is-resized\"><img loading=\"lazy\" decoding=\"async\" src=\"https:\/\/tn.com.ar\/resizer\/4c2-7HmXI9kKc5t6aO7E2J5Ht4g=\/767x0\/smart\/filters:format(webp)\/cloudfront-us-east-1.images.arcpublishing.com\/artear\/5SKEZLXM2ZH73MK4JTMWX7POZA.JPG\" alt=\"Jimena Bar\u00f3n sorprendi\u00f3 con la reflexi\u00f3n de su hijo. (Foto: Captura Twitter \/@baronjimena)\" width=\"535\" height=\"146\"\/><figcaption>Jimena Bar\u00f3n sorprendi\u00f3 con la reflexi\u00f3n de su hijo. (Foto: Captura Twitter \/@baronjimena)<\/figcaption><\/figure>\n\n\n\n<p>\u201cMomo me dijo \u2018\u00bfViste?\u00a0<strong>Y vos te quej\u00e1s porque no ponen centradas las letras del cartel de la gira\u2019\u201d<\/strong>, remat\u00f3 con la reflexi\u00f3n del peque\u00f1o fruto de su relaci\u00f3n con\u00a0<strong>Daniel Osvaldo.<\/strong><\/p>\n\n\n\n<h2 class=\"wp-block-heading\">El susto de Jimena Bar\u00f3n y su hijo en una cama el\u00e1stica<\/h2>\n\n\n\n<p>Jimena Bar\u00f3n\u00a0se llev\u00f3 un gran susto con su hijo\u00a0Momo en un gimnasio de camas el\u00e1sticas.\u00a0<strong>\u201cSe rompi\u00f3 el techo y hubo evacuaci\u00f3n\u201d<\/strong>, relat\u00f3 en sus redes sociales. Con el objetivo de que el nene de nueve a\u00f1os no pasara todo el d\u00eda encerrado con los videojuegos, la artista aprovech\u00f3 la tarde del s\u00e1bado para llevarlo a jugar en las camas el\u00e1sticas.<\/p>\n\n\n\n<p>En su perfil de&nbsp;<em>Instagram<\/em>, comparti\u00f3 dos im\u00e1genes de Momo en pleno momento l\u00fadico y escribi\u00f3 con ternura:&nbsp;<strong>\u201cTe amo, chinito m\u00edo\u201d.<\/strong><\/p>\n\n\n\n<p>Sin embargo, tal como explic\u00f3 en su perfil de Twitter,&nbsp;<strong>se llev\u00f3 un tremendo susto.<\/strong>&nbsp;\u201cNos fuimos a tomar un caf\u00e9 con mi amiga a esperar que pase la hora sinti\u00e9ndonos re copadas de llevar a nuestros hijos a las camas el\u00e1sticas un s\u00e1bado\u201d, relat\u00f3. Y remat\u00f3: \u201cCuando volvimos a buscarlos,&nbsp;<strong>los tres ni\u00f1os estaban con la polic\u00eda hac\u00eda 45\u2032&nbsp;<\/strong>porque se rompi\u00f3 el techo y hubo evacuaci\u00f3n\u201d.<\/p>\n","protected":false},"excerpt":{"rendered":"<p>Jimena Bar\u00f3n\u00a0sorprendi\u00f3 a sus seguidores al postear\u00a0la ins\u00f3lita reacci\u00f3n que tuvo con el pintor\u00a0que trabaj\u00f3 en su casa. La artista suele compartir momentos de la vida cotidiana en redes sociales&hellip; <\/p>\n","protected":false},"author":1,"featured_media":55261,"comment_status":"closed","ping_status":"open","sticky":false,"template":"","format":"standard","meta":{"footnotes":""},"categories":[19],"tags":[],"class_list":["post-55257","post","type-post","status-publish","format-standard","has-post-thumbnail","hentry","category-espectaculos"],"_links":{"self":[{"href":"https:\/\/corrientesdetarde.com\/index.php\/wp-json\/wp\/v2\/posts\/55257","targetHints":{"allow":["GET"]}}],"collection":[{"href":"https:\/\/corrientesdetarde.com\/index.php\/wp-json\/wp\/v2\/posts"}],"about":[{"href":"https:\/\/corrientesdetarde.com\/index.php\/wp-json\/wp\/v2\/types\/post"}],"author":[{"embeddable":true,"href":"https:\/\/corrientesdetarde.com\/index.php\/wp-json\/wp\/v2\/users\/1"}],"replies":[{"embeddable":true,"href":"https:\/\/corrientesdetarde.com\/index.php\/wp-json\/wp\/v2\/comments?post=55257"}],"version-history":[{"count":1,"href":"https:\/\/corrientesdetarde.com\/index.php\/wp-json\/wp\/v2\/posts\/55257\/revisions"}],"predecessor-version":[{"id":55262,"href":"https:\/\/corrientesdetarde.com\/index.php\/wp-json\/wp\/v2\/posts\/55257\/revisions\/55262"}],"wp:featuredmedia":[{"embeddable":true,"href":"https:\/\/corrientesdetarde.com\/index.php\/wp-json\/wp\/v2\/media\/55261"}],"wp:attachment":[{"href":"https:\/\/corrientesdetarde.com\/index.php\/wp-json\/wp\/v2\/media?parent=55257"}],"wp:term":[{"taxonomy":"category","embeddable":true,"href":"https:\/\/corrientesdetarde.com\/index.php\/wp-json\/wp\/v2\/categories?post=55257"},{"taxonomy":"post_tag","embeddable":true,"href":"https:\/\/corrientesdetarde.com\/index.php\/wp-json\/wp\/v2\/tags?post=55257"}],"curies":[{"name":"wp","href":"https:\/\/api.w.org\/{rel}","templated":true}]}}