{"id":56211,"date":"2023-04-24T13:27:19","date_gmt":"2023-04-24T16:27:19","guid":{"rendered":"https:\/\/corrientesdetarde.com\/?p=56211"},"modified":"2023-04-24T13:27:40","modified_gmt":"2023-04-24T16:27:40","slug":"terror-en-la-puerta-de-un-local-partidario-de-la-ucr","status":"publish","type":"post","link":"https:\/\/corrientesdetarde.com\/index.php\/politica\/terror-en-la-puerta-de-un-local-partidario-de-la-ucr\/","title":{"rendered":"TERROR EN LA PUERTA DE UN LOCAL PARTIDARIO DE LA UCR"},"content":{"rendered":"\n<p>(PABLO ROMA, Ciudad de Buenos Aires) &#8211; Un encargado de edificio situado en la avenida Corrientes, en pleno barrio porte\u00f1o de San Nicol\u00e1s, fue gravemente herido esta ma\u00f1ana de una pu\u00f1alada en el cuello por un hombre que, tras el ataque, escap\u00f3 corriendo y fue detenido cuando intentaba refugiarse en una estaci\u00f3n de subte, informaron fuentes policiales.<\/p>\n\n\n\n<p>En el edificio funciona la sede de la Uni\u00f3n C\u00edvica Radical (UCR).<br>La v\u00edctima, que es el encargado del edificio, fue atacada de sorpresa por un agresor que le asest\u00f3 pu\u00f1aladas en el cuello y en uno de los antebrazos.<br>Al parecer, al momento del ataque, el sospechoso habr\u00eda manifestado que su accionar se deb\u00eda a cuestiones pol\u00edticas, indicaron las fuentes consultadas: &#8220;Dios me orden\u00f3 matarlo porque ser pol\u00edtico&#8221;.<br>El hecho, cuyas motivaciones a\u00fan no fueron determinadas, se registr\u00f3 esta ma\u00f1ana sobre la avenida Corrientes al 1700, donde un hombre apu\u00f1al\u00f3 en el cuello a un encargado de un edificio y escap\u00f3.<\/p>\n\n\n\n<p>Seg\u00fan las fuentes, el atacante intent\u00f3 darse a la fuga hacia el ingreso a la estaci\u00f3n Callao de la l\u00ednea B del subterr\u00e1neo, ubicada en el cruce de las avenidas Corrientes y Callao.<\/p>\n\n\n\n<p>No obstante, all\u00ed fue detenido por agentes de la Polic\u00eda porte\u00f1a y qued\u00f3 alojado en la seccional de la zona a disposici\u00f3n judicial.<\/p>\n\n\n\n<p>En tanto, la v\u00edctima fue trasladada al Hospital Ramos Mej\u00eda por una ambulancia del Sistema de Atenci\u00f3n M\u00e9dica de Emergencias (SAME) y permanec\u00eda internada en grave estado.<\/p>\n\n\n\n<p>En el edificio donde se produjo el ataque los pesquisas hallaron una cuchilla que se presume que fue utilizada por el agresor, que qued\u00f3 secuestrada.<\/p>\n","protected":false},"excerpt":{"rendered":"<p>(PABLO ROMA, Ciudad de Buenos Aires) &#8211; Un encargado de edificio situado en la avenida Corrientes, en pleno barrio porte\u00f1o de San Nicol\u00e1s, fue gravemente herido esta ma\u00f1ana de una&hellip; <\/p>\n","protected":false},"author":11,"featured_media":56212,"comment_status":"closed","ping_status":"open","sticky":false,"template":"","format":"standard","meta":{"footnotes":""},"categories":[3],"tags":[278,276,275,277,78],"class_list":["post-56211","post","type-post","status-publish","format-standard","has-post-thumbnail","hentry","category-politica","tag-ataque","tag-callao","tag-corrients","tag-punalada","tag-ucr"],"_links":{"self":[{"href":"https:\/\/corrientesdetarde.com\/index.php\/wp-json\/wp\/v2\/posts\/56211","targetHints":{"allow":["GET"]}}],"collection":[{"href":"https:\/\/corrientesdetarde.com\/index.php\/wp-json\/wp\/v2\/posts"}],"about":[{"href":"https:\/\/corrientesdetarde.com\/index.php\/wp-json\/wp\/v2\/types\/post"}],"author":[{"embeddable":true,"href":"https:\/\/corrientesdetarde.com\/index.php\/wp-json\/wp\/v2\/users\/11"}],"replies":[{"embeddable":true,"href":"https:\/\/corrientesdetarde.com\/index.php\/wp-json\/wp\/v2\/comments?post=56211"}],"version-history":[{"count":1,"href":"https:\/\/corrientesdetarde.com\/index.php\/wp-json\/wp\/v2\/posts\/56211\/revisions"}],"predecessor-version":[{"id":56213,"href":"https:\/\/corrientesdetarde.com\/index.php\/wp-json\/wp\/v2\/posts\/56211\/revisions\/56213"}],"wp:featuredmedia":[{"embeddable":true,"href":"https:\/\/corrientesdetarde.com\/index.php\/wp-json\/wp\/v2\/media\/56212"}],"wp:attachment":[{"href":"https:\/\/corrientesdetarde.com\/index.php\/wp-json\/wp\/v2\/media?parent=56211"}],"wp:term":[{"taxonomy":"category","embeddable":true,"href":"https:\/\/corrientesdetarde.com\/index.php\/wp-json\/wp\/v2\/categories?post=56211"},{"taxonomy":"post_tag","embeddable":true,"href":"https:\/\/corrientesdetarde.com\/index.php\/wp-json\/wp\/v2\/tags?post=56211"}],"curies":[{"name":"wp","href":"https:\/\/api.w.org\/{rel}","templated":true}]}}