{"id":56448,"date":"2023-04-25T11:43:16","date_gmt":"2023-04-25T14:43:16","guid":{"rendered":"https:\/\/corrientesdetarde.com\/?p=56448"},"modified":"2023-04-25T11:43:37","modified_gmt":"2023-04-25T14:43:37","slug":"parece-kosovo-la-frase-de-valdes-al-referirse-al-abandono-de-las-obras-de-la-autovia-12","status":"publish","type":"post","link":"https:\/\/corrientesdetarde.com\/index.php\/politica\/parece-kosovo-la-frase-de-valdes-al-referirse-al-abandono-de-las-obras-de-la-autovia-12\/","title":{"rendered":"&#8220;Parece Kosovo&#8221;: la frase de Vald\u00e9s al referirse al abandono de las obras de la Autov\u00eda 12"},"content":{"rendered":"\n<p>El gobernador volvi\u00f3 a reclamar por el estado de la Ruta Nacional 12 y la demorada autopista. Tambi\u00e9n denunci\u00f3 las falencias en la infraestructura vial de la regi\u00f3n.<\/p>\n\n\n\n<p>El gobernador Gustavo Vald\u00e9s apunt\u00f3 contra el Gobierno nacional por la paralizaci\u00f3n de la obra de la Autov\u00eda 12 en Corrientes. &#8220;Pasaron cuatro a\u00f1os, parece Kosovo y la obra est\u00e1 abandonada&#8221;, dijo. Adem\u00e1s, asegur\u00f3 que &#8220;todas las obras nacionales que ten\u00edamos en Corrientes est\u00e1n paradas&#8221;.<\/p>\n\n\n\n<p>Apunt\u00f3 contra el Gobierno nacional al analizar la situaci\u00f3n econ\u00f3mica del pa\u00eds, la falta de desarrollo de infraestructura en Corrientes y la paralizaci\u00f3n &nbsp;de la Autov\u00eda 12.<\/p>\n\n\n\n<p>&#8220;El 80 por ciento de las rutas del norte argentino est\u00e1n en estado regular o &nbsp;malo. Es una desinversi\u00f3n que nadie mide&#8221;, dijo y acot\u00f3 que &#8220;hay que administrar bien, tener visi\u00f3n y hay que invertir en infraestructura porque a la larga termina desarrollando una regi\u00f3n&#8221;.<\/p>\n\n\n\n<p>&#8220;Veo obras de la Naci\u00f3n paradas a rolete. Pr\u00e1cticamente todas las obras nacionales que ten\u00edamos en Corrientes est\u00e1n paradas, menos las nuestras&#8221;, dijo.<\/p>\n\n\n\n<p>&#8220;Nosotros ven\u00edamos con la expectativa de terminar la Autov\u00eda 12, ven\u00edamos embalados, pensando que la terminamos en un a\u00f1o (durante el Gobierno de Mauricio Macri), pero pasaron cuatro a\u00f1os. Ahora parece Kosovo y la obra est\u00e1 abandonada&#8221;, reclam\u00f3 Vald\u00e9s.<\/p>\n\n\n\n<p>La preocupaci\u00f3n por el abandono de la obra que est\u00e1 a cargo de Vialidad Nacional ya gener\u00f3 pedidos de informes en el Congreso Nacional e incrementa la preocupaci\u00f3n en todo el sector empresarial de Corrientes que asegura que est\u00e1n afrontando p\u00e9rdidas millonarias por el estancamiento del proyecto.&nbsp;<\/p>\n\n\n\n<p>La obra no solo suma m\u00e1s demoras sino tambi\u00e9n quejas y preocupaci\u00f3n ante lo dif\u00edcil que se torna transitar por la zona. En ese sentido, algunos conductores indicaron que pasar sobre la ruta requiere un esfuerzo emocional y nervios de acero para esquivar autos, motos, carteles y pozos. Denuncian falta de se\u00f1alizaci\u00f3n e iluminaci\u00f3n tras cada siniestro vial que se produce en la zona.<\/p>\n\n\n\n<p>En Corrientes no se recuerda una obra que haya demorado tanto tiempo por solo 12 kil\u00f3metros de recorrido.<\/p>\n\n\n\n<p>Durante los \u00faltimos d\u00edas de diciembre, confirmaron que hab\u00eda demoras con respecto al desembolso de fondos para la obra de la autov\u00eda 12 y que el valor del proyecto deb\u00eda actualizarse por 5000 millones de pesos.<\/p>\n\n\n\n<p>La Traves\u00eda Urbana es una obra estrat\u00e9gica para el nordeste argentino. &nbsp;Los trabajos ayudar\u00e1n a reducir demoras y aumentar\u00e1n la seguridad vial en los municipios de Itat\u00ed, Corrientes, Riachuelo, El Sombrero y Empedrado. De este modo, favorecer\u00e1n a los 12.400 veh\u00edculos que circulan por d\u00eda.<\/p>\n","protected":false},"excerpt":{"rendered":"<p>El gobernador volvi\u00f3 a reclamar por el estado de la Ruta Nacional 12 y la demorada autopista. Tambi\u00e9n denunci\u00f3 las falencias en la infraestructura vial de la regi\u00f3n. El gobernador&hellip; <\/p>\n","protected":false},"author":4,"featured_media":56455,"comment_status":"closed","ping_status":"open","sticky":false,"template":"","format":"standard","meta":{"footnotes":""},"categories":[3],"tags":[],"class_list":["post-56448","post","type-post","status-publish","format-standard","has-post-thumbnail","hentry","category-politica"],"_links":{"self":[{"href":"https:\/\/corrientesdetarde.com\/index.php\/wp-json\/wp\/v2\/posts\/56448","targetHints":{"allow":["GET"]}}],"collection":[{"href":"https:\/\/corrientesdetarde.com\/index.php\/wp-json\/wp\/v2\/posts"}],"about":[{"href":"https:\/\/corrientesdetarde.com\/index.php\/wp-json\/wp\/v2\/types\/post"}],"author":[{"embeddable":true,"href":"https:\/\/corrientesdetarde.com\/index.php\/wp-json\/wp\/v2\/users\/4"}],"replies":[{"embeddable":true,"href":"https:\/\/corrientesdetarde.com\/index.php\/wp-json\/wp\/v2\/comments?post=56448"}],"version-history":[{"count":1,"href":"https:\/\/corrientesdetarde.com\/index.php\/wp-json\/wp\/v2\/posts\/56448\/revisions"}],"predecessor-version":[{"id":56456,"href":"https:\/\/corrientesdetarde.com\/index.php\/wp-json\/wp\/v2\/posts\/56448\/revisions\/56456"}],"wp:featuredmedia":[{"embeddable":true,"href":"https:\/\/corrientesdetarde.com\/index.php\/wp-json\/wp\/v2\/media\/56455"}],"wp:attachment":[{"href":"https:\/\/corrientesdetarde.com\/index.php\/wp-json\/wp\/v2\/media?parent=56448"}],"wp:term":[{"taxonomy":"category","embeddable":true,"href":"https:\/\/corrientesdetarde.com\/index.php\/wp-json\/wp\/v2\/categories?post=56448"},{"taxonomy":"post_tag","embeddable":true,"href":"https:\/\/corrientesdetarde.com\/index.php\/wp-json\/wp\/v2\/tags?post=56448"}],"curies":[{"name":"wp","href":"https:\/\/api.w.org\/{rel}","templated":true}]}}