{"id":56463,"date":"2023-04-25T12:01:53","date_gmt":"2023-04-25T15:01:53","guid":{"rendered":"https:\/\/corrientesdetarde.com\/?p=56463"},"modified":"2023-04-25T12:01:56","modified_gmt":"2023-04-25T15:01:56","slug":"shakira-sera-homenajeada-como-mujer-del-ano-en-el-primer-evento-mujeres-latinas-en-la-musica","status":"publish","type":"post","link":"https:\/\/corrientesdetarde.com\/index.php\/internacionales\/shakira-sera-homenajeada-como-mujer-del-ano-en-el-primer-evento-mujeres-latinas-en-la-musica\/","title":{"rendered":"Shakira ser\u00e1 homenajeada como &#8220;Mujer del a\u00f1o&#8221; en el primer evento &#8220;Mujeres Latinas en la m\u00fasica&#8221;"},"content":{"rendered":"\n<p>La cantante colombiana Shakira ser\u00e1 homenajeada el pr\u00f3ximo 6 de mayo por la revista Billboard como &#8220;Mujer del a\u00f1o&#8221; durante la celebraci\u00f3n del primer evento &#8220;Mujeres latinas en la m\u00fasica&#8221;, que se celebrar\u00e1 en el auditorio Watsco de Miami, inform\u00f3 la prensa internacional.<\/p>\n\n\n\n<p>El encuentro consistir\u00e1 en un programa musical de dos horas, presentado por Ivy Queen y Jacqueline Bracamontes, que tiene como objetivo celebrar a las artistas, ejecutivas y creativas latinas que trabajan &#8220;de manera proactiva por un cambio positivo que traiga inclusi\u00f3n y paridad de g\u00e9nero en la industria de la m\u00fasica&#8221;.<\/p>\n\n\n\n<p>&#8220;Shakira es la mujer definitiva en la m\u00fasica. Gracias a ella, las mujeres latinas de todo el mundo se han empoderado para escribir e interpretar m\u00fasica profundamente personal&#8221;, dijo Leila Cobo, directora de contenido de Billboard para Latin\/Espa\u00f1ol en un comunicado difundido a los medios.<\/p>\n\n\n\n<p>En el evento Shakira ser\u00e1 homenajeada por sus logros &#8220;extraordinarios&#8221; en la m\u00fasica, como haberse convertido en la primera mujer en llegar al Top 10 en la lista de Billboard con &#8220;Shakira: BZRP Music Sessions #53&#8221;. Ese tema producido por el argentino Bizarrap tambi\u00e9n hizo historia como la pista latina m\u00e1s reproducida en 24 horas en la historia de Spotify y la pista latina m\u00e1s vista en YouTube en 24 horas, con m\u00e1s de 63 millones de visitas.<\/p>\n\n\n\n<p>Adem\u00e1s, a lo largo de su carrera lleva vendidos m\u00e1s de 95 millones de discos en todo el mundo, lo que la convierte en la artista latina femenina con mayores ventas de todos los tiempos. Tambi\u00e9n es la artista latina femenina m\u00e1s vista y una de las 10 mejores artistas en general de todos los tiempos en YouTube con m\u00e1s de 20.000 millones de visitas acumuladas, y la artista latina femenina m\u00e1s reproducida de todos los tiempos en Spotify.<\/p>\n\n\n\n<p>Aparte de sus logros en la industria musical, a los 18 a\u00f1os Shakira cre\u00f3 la Fundaci\u00f3n Pies Descalzos, que construy\u00f3 y adapt\u00f3 nueve escuelas p\u00fablicas en Cartagena, Barranquilla, Guajira y Quibd\u00f3, con seis en construcci\u00f3n.<\/p>\n\n\n\n<p>Durante el evento &#8220;Mujeres latinas en la m\u00fasica&#8221; la mexicana Ana Gabriel recibir\u00e1 el Premio Leyenda Viva; la argentina Emilia el premio Rising Star; la venezolana Evaluna el Tradici\u00f3n y Futuro; la colombiana Goyo el premio Agent of Change, y la mexicana Thal\u00eda el Global Powerhouse.<\/p>\n","protected":false},"excerpt":{"rendered":"<p>La cantante colombiana Shakira ser\u00e1 homenajeada el pr\u00f3ximo 6 de mayo por la revista Billboard como &#8220;Mujer del a\u00f1o&#8221; durante la celebraci\u00f3n del primer evento &#8220;Mujeres latinas en la m\u00fasica&#8221;,&hellip; <\/p>\n","protected":false},"author":4,"featured_media":56464,"comment_status":"closed","ping_status":"open","sticky":false,"template":"","format":"standard","meta":{"footnotes":""},"categories":[11],"tags":[],"class_list":["post-56463","post","type-post","status-publish","format-standard","has-post-thumbnail","hentry","category-internacionales"],"_links":{"self":[{"href":"https:\/\/corrientesdetarde.com\/index.php\/wp-json\/wp\/v2\/posts\/56463","targetHints":{"allow":["GET"]}}],"collection":[{"href":"https:\/\/corrientesdetarde.com\/index.php\/wp-json\/wp\/v2\/posts"}],"about":[{"href":"https:\/\/corrientesdetarde.com\/index.php\/wp-json\/wp\/v2\/types\/post"}],"author":[{"embeddable":true,"href":"https:\/\/corrientesdetarde.com\/index.php\/wp-json\/wp\/v2\/users\/4"}],"replies":[{"embeddable":true,"href":"https:\/\/corrientesdetarde.com\/index.php\/wp-json\/wp\/v2\/comments?post=56463"}],"version-history":[{"count":1,"href":"https:\/\/corrientesdetarde.com\/index.php\/wp-json\/wp\/v2\/posts\/56463\/revisions"}],"predecessor-version":[{"id":56465,"href":"https:\/\/corrientesdetarde.com\/index.php\/wp-json\/wp\/v2\/posts\/56463\/revisions\/56465"}],"wp:featuredmedia":[{"embeddable":true,"href":"https:\/\/corrientesdetarde.com\/index.php\/wp-json\/wp\/v2\/media\/56464"}],"wp:attachment":[{"href":"https:\/\/corrientesdetarde.com\/index.php\/wp-json\/wp\/v2\/media?parent=56463"}],"wp:term":[{"taxonomy":"category","embeddable":true,"href":"https:\/\/corrientesdetarde.com\/index.php\/wp-json\/wp\/v2\/categories?post=56463"},{"taxonomy":"post_tag","embeddable":true,"href":"https:\/\/corrientesdetarde.com\/index.php\/wp-json\/wp\/v2\/tags?post=56463"}],"curies":[{"name":"wp","href":"https:\/\/api.w.org\/{rel}","templated":true}]}}