{"id":56939,"date":"2023-04-27T08:48:12","date_gmt":"2023-04-27T11:48:12","guid":{"rendered":"https:\/\/corrientesdetarde.com\/?p=56939"},"modified":"2023-04-27T08:48:15","modified_gmt":"2023-04-27T11:48:15","slug":"el-album-familiar-de-calu-rivero-y-aito-de-la-rua-a-dos-meses-del-nacimiento-de-su-bebe","status":"publish","type":"post","link":"https:\/\/corrientesdetarde.com\/index.php\/espectaculos\/el-album-familiar-de-calu-rivero-y-aito-de-la-rua-a-dos-meses-del-nacimiento-de-su-bebe\/","title":{"rendered":"El \u00e1lbum familiar de Calu Rivero y A\u00edto de la R\u00faa a dos meses del nacimiento de su beb\u00e9"},"content":{"rendered":"\n<p>Calu Rivero se convirti\u00f3 en mam\u00e1 de Tao junto a su novio A\u00edto de la R\u00faa. Muy feliz por su presente en familia, as\u00ed se expres\u00f3 a dos meses del nacimiento de su hijo.<\/p>\n\n\n\n<p>La actriz poste\u00f3 en Instagram el \u00e1lbum de fotos que ilustra c\u00f3mo cambi\u00f3 su cotidianidad desde que le dieron la bienvenida a su beb\u00e9, quien ya celebr\u00f3 su segundo cumplem\u00e9s.<\/p>\n\n\n\n<p>&nbsp;&#8220;2 meses de la gran transformaci\u00f3n&#8230; Venimos bien, \u00bfno? Es la pregunta que nos hacemos constantemente con A\u00edto. S\u00ed, venimos bien. Te amamos, Tao. Ya 2 meses en la tierra&#8221;, expres\u00f3 Calu, muy contenta por su presente a de a tres.<\/p>\n\n\n\n<figure class=\"wp-block-image\"><img decoding=\"async\" src=\"https:\/\/www.radiodos.com.ar\/content\/bucket\/7\/194957w770h959c.png.webp\" alt=\"\"\/><\/figure>\n\n\n\n<figure class=\"wp-block-image\"><img decoding=\"async\" src=\"https:\/\/www.radiodos.com.ar\/content\/bucket\/6\/194956w770h1034c.png.webp\" alt=\"\"\/><\/figure>\n\n\n\n<p><strong>A\u00cdTO DE LA R\u00daA SALUD\u00d3 A CALU RIVERO POR SU CUMPLE EN REDES<\/strong><\/p>\n\n\n\n<p>&#8220;Tao bendito t\u00fa eres entre todas las mujeres. La familia unida jam\u00e1s ser\u00e1 vencida. Amora m\u00eda, feliz d\u00eda y que cumplas muchos m\u00e1s&#8221;, escribi\u00f3 A\u00edto en Instagram, junto a dos fotos. Una de ellos junto a Calu y su hijo; otra con su madre y j\u00f3venes mujeres de su clan.<\/p>\n\n\n\n<p>Feliz y enamorada, Calu Rivero le respondi\u00f3: &#8220;\u00a1Siento tanto amor! Gracias por darme el mejor regalo&#8221;.<\/p>\n","protected":false},"excerpt":{"rendered":"<p>Calu Rivero se convirti\u00f3 en mam\u00e1 de Tao junto a su novio A\u00edto de la R\u00faa. Muy feliz por su presente en familia, as\u00ed se expres\u00f3 a dos meses del&hellip; <\/p>\n","protected":false},"author":1,"featured_media":56947,"comment_status":"closed","ping_status":"open","sticky":false,"template":"","format":"standard","meta":{"footnotes":""},"categories":[19],"tags":[],"class_list":["post-56939","post","type-post","status-publish","format-standard","has-post-thumbnail","hentry","category-espectaculos"],"_links":{"self":[{"href":"https:\/\/corrientesdetarde.com\/index.php\/wp-json\/wp\/v2\/posts\/56939","targetHints":{"allow":["GET"]}}],"collection":[{"href":"https:\/\/corrientesdetarde.com\/index.php\/wp-json\/wp\/v2\/posts"}],"about":[{"href":"https:\/\/corrientesdetarde.com\/index.php\/wp-json\/wp\/v2\/types\/post"}],"author":[{"embeddable":true,"href":"https:\/\/corrientesdetarde.com\/index.php\/wp-json\/wp\/v2\/users\/1"}],"replies":[{"embeddable":true,"href":"https:\/\/corrientesdetarde.com\/index.php\/wp-json\/wp\/v2\/comments?post=56939"}],"version-history":[{"count":1,"href":"https:\/\/corrientesdetarde.com\/index.php\/wp-json\/wp\/v2\/posts\/56939\/revisions"}],"predecessor-version":[{"id":56948,"href":"https:\/\/corrientesdetarde.com\/index.php\/wp-json\/wp\/v2\/posts\/56939\/revisions\/56948"}],"wp:featuredmedia":[{"embeddable":true,"href":"https:\/\/corrientesdetarde.com\/index.php\/wp-json\/wp\/v2\/media\/56947"}],"wp:attachment":[{"href":"https:\/\/corrientesdetarde.com\/index.php\/wp-json\/wp\/v2\/media?parent=56939"}],"wp:term":[{"taxonomy":"category","embeddable":true,"href":"https:\/\/corrientesdetarde.com\/index.php\/wp-json\/wp\/v2\/categories?post=56939"},{"taxonomy":"post_tag","embeddable":true,"href":"https:\/\/corrientesdetarde.com\/index.php\/wp-json\/wp\/v2\/tags?post=56939"}],"curies":[{"name":"wp","href":"https:\/\/api.w.org\/{rel}","templated":true}]}}