{"id":56940,"date":"2023-04-27T08:44:46","date_gmt":"2023-04-27T11:44:46","guid":{"rendered":"https:\/\/corrientesdetarde.com\/?p=56940"},"modified":"2023-04-27T08:45:08","modified_gmt":"2023-04-27T11:45:08","slug":"los-caballeros-del-zodiaco-regresan-con-su-nueva-pelicula","status":"publish","type":"post","link":"https:\/\/corrientesdetarde.com\/index.php\/espectaculos\/los-caballeros-del-zodiaco-regresan-con-su-nueva-pelicula\/","title":{"rendered":"Los Caballeros del Zod\u00edaco regresan con su nueva pel\u00edcula"},"content":{"rendered":"\n<p>Esta semana, las salas de Cinemacenter elevar\u00e1n su cosmos para alcanzar el s\u00e9ptimo sentido. Es que una de las franquicias m\u00e1s queridas por los que crecimos en los a\u00f1os noventa regresa, esta vez con una pel\u00edcula con actores reales.<\/p>\n\n\n\n<p>Bajo el t\u00edtulo de &#8220;Los Caballeros del Zod\u00edaco: Saint Seiya &#8211; El Inicio&#8221;, esta pel\u00edcula nos presenta una reinvenci\u00f3n de la historia que ya conocemos, pero adaptada para un p\u00fablico que quiz\u00e1s nunca vio la serie original. El subt\u00edtulo de &#8220;El Inicio&#8221; nos indica que este ser\u00e1 solo el punto de partida de la aventura de nuestros h\u00e9roes. Este ser\u00eda la primera de una saga de pel\u00edculas protagonizadas por Seiya y el resto de los Caballeros de Athena, siempre y cuando la taquilla acompa\u00f1e a esta primera entrega.<\/p>\n\n\n\n<p>En el film, conoceremos al joven Seiya, quien descubrir\u00e1 que su destino es convertirse en un caballero del zod\u00edaco, con la legendaria armadura de Pegaso, para proteger a la diosa Athena. Esta ha reencarnado en el cuerpo de Siena (Saori Kido en el anime original). Personajes como Mar\u00edn (maestra de Seiya) y Alman Kido (Mitsumasa Kido en el original) acompa\u00f1ar\u00e1n a nuestro h\u00e9roe en su misi\u00f3n, el joven caballero deber\u00e1 enfrentar enemigos como Guraad, madre adoptiva de Siena y a Ikki, un caballero que porta la armadura del ave F\u00e9nix.<\/p>\n\n\n\n<p>Por lo pronto puede llamar la atenci\u00f3n la ausencia del resto de los caballeros protagonistas del anime (faltando Shun, Hyoga y Shiryu), pero seguramente ir\u00e1n apareciendo con el correr de las futuras entregas.<\/p>\n\n\n<div class=\"wp-block-image\">\n<figure class=\"aligncenter\"><img decoding=\"async\" src=\"https:\/\/www.diarioepoca.com\/content\/bucket\/5\/1293475w380h372c.jpg.webp\" alt=\"\"\/><figcaption>LA NOSTALGIA DE LOS MILENNIALS HECHA PEL\u00cdCULA.<\/figcaption><\/figure>\n<\/div>\n\n\n<h2 class=\"wp-block-heading\">El talento detr\u00e1s de c\u00e1maras<\/h2>\n\n\n\n<p>Para esta primera pel\u00edcula de actores reales de los Caballeros se ha apostado por traer a muchos realizadores talentosos. En primer lugar, la direcci\u00f3n corre a cargo de Tomasz Bagi Ski (productor ejecutivo de la serie The Witcher). En segundo lugar, en cuanto a escenas de acci\u00f3n se refiere (un elemento clave para una pel\u00edcula como esta), el encargado es nada menos que Andy Cheng, coordinador de las peleas en Shang-Chi y la Leyenda de los Diez Anillos (2021), de Marvel Studios. As\u00ed que m\u00ednimo tendremos aseguradas unas escenas de acci\u00f3n y peleas a la altura.<\/p>\n\n\n\n<h2 class=\"wp-block-heading\">El reparto: dar vida a los Caballeros del Zod\u00edaco<\/h2>\n\n\n\n<p>En cuanto al reparto, el papel de Seiya (el gran protagonista de la saga) es interpretado por Mackenyu, actor que ya particip\u00f3 en adaptaciones de series de anime como las pel\u00edculas de Rurouni Kenshin y pr\u00f3ximamente tambi\u00e9n estar\u00e1 en la serie de One Piece de Netflix.<\/p>\n\n\n\n<p>En el papel de Athena, tenemos a la carism\u00e1tica actriz Madison Iseman, a quien vimos como la entra\u00f1able Bethany en Jumanji: The Next Level (2019). En cuanto a uno de los grandes favoritos de la saga, Ikki el caballero de F\u00e9nix es interpretado por Diego Tinoco. Actor de ascendencia latina.<\/p>\n\n\n\n<p>La pel\u00edcula tambi\u00e9n cuenta con algunas caras conocidas de Hollywood como lo son el gran Sean Bean, como Alman Kido y la talentosa Famke Janssen (conocida por su rol de Jean Grey de la saga de X-Men) como Guraad, antagonista de esta entrega.<\/p>\n\n\n\n<h2 class=\"wp-block-heading\">Voces de nuestra infancia<\/h2>\n\n\n\n<p>Sin lugar a dudas, Caballeros del Zod\u00edaco cont\u00f3 con uno de los doblajes al espa\u00f1ol latino m\u00e1s recordados. Y para mantener esa nostalgia presente, esta pel\u00edcula trajo de regreso a algunos de los actores de doblaje que trabajaron en la serie original. As\u00ed tenemos a Mar\u00eda Fernanda Morales regresando como la voz de Athena y a Marcos Pati\u00f1o poniendo su contundente e ic\u00f3nica voz al caballero del F\u00e9nix.<\/p>\n\n\n\n<h2 class=\"wp-block-heading\">Un anime que conquist\u00f3 el mundo<\/h2>\n\n\n\n<p>Los Caballeros del Zod\u00edaco es el nombre que recibi\u00f3 en Latinoam\u00e9rica el anime de Saint Seiya. Este se bas\u00f3 en el manga de Masami Kurumada (publicado originalmente en 1985).<\/p>\n\n\n\n<p>Uno de los atractivos de la serie era las armaduras de los protagonistas. Estas representaban distintas constelaciones y signos zodiacales, que se relacionaban con el estilo de combate y poderes de cada caballero.<\/p>\n\n\n\n<p>Sin dudas, los personajes m\u00e1s populares de toda la franquicia son los Doce Caballeros Dorados. Estos representan cada uno de los doce signos del zod\u00edaco, y son los guerreros m\u00e1s poderosos del Santuario de Athena y para enfrentarlos, nuestros h\u00e9roes deb\u00edan alcanzar el &#8220;s\u00e9ptimo sentido&#8221;. La saga en la que Seiya y sus compa\u00f1eros deben enfrentar a estos temibles oponentes se convirti\u00f3 en una de las m\u00e1s recordadas por los fan\u00e1ticos.<\/p>\n\n\n\n<p>El anime cl\u00e1sico lleg\u00f3 a nuestro pa\u00eds durante la d\u00e9cada de los noventa gracias a canales como Magic Kids y r\u00e1pidamente se convirti\u00f3 en un furor para j\u00f3venes y adolescentes. La mezcla de epicidad, combates brutales y la gran profundidad de los personajes, la convirti\u00f3 en una historia que se grab\u00f3 en los corazones de los espectadores.<\/p>\n\n\n\n<p>Ya entrado en el nuevo milenio, Seiya volver\u00eda con la adaptaci\u00f3n animada de la saga de Hades (\u00faltimo arco del manga de Kurumada que no hab\u00eda sido adaptado en la serie original). Estos nuevos episodios llevaron nuevamente a los Caballeros al centro de la escena.<\/p>\n\n\n\n<p>En los a\u00f1os recientes, Netflix intent\u00f3 hacer una adaptaci\u00f3n con animaci\u00f3n CGI para las nuevas generaciones, con resultados bastante dispares.<\/p>\n\n\n\n<p>Aunque su segunda temporada (ya en otro servicio de streaming) aprendi\u00f3 de los errores y consigui\u00f3 un tono m\u00e1s cercano al del anime cl\u00e1sico.<\/p>\n\n\n\n<p>Y as\u00ed llegamos a la pel\u00edcula con actores reales (live action), que ser\u00e1 la primera apuesta de la franquicia por una producci\u00f3n no animada. La expectativa es enorme, como el cosmos que arde en el coraz\u00f3n de los Caballeros del Zod\u00edaco.<\/p>\n\n\n\n<p>&#8220;Los Caballeros del Zodiaco: Saint Seiya &#8211; El Inicio&#8221; estrena hoy y estar\u00e1 disponible todos los d\u00edas en la funci\u00f3n de las 22:50 en las salas de Cinemacenter.<\/p>\n","protected":false},"excerpt":{"rendered":"<p>Esta semana, las salas de Cinemacenter elevar\u00e1n su cosmos para alcanzar el s\u00e9ptimo sentido. Es que una de las franquicias m\u00e1s queridas por los que crecimos en los a\u00f1os noventa&hellip; <\/p>\n","protected":false},"author":1,"featured_media":56945,"comment_status":"closed","ping_status":"open","sticky":false,"template":"","format":"standard","meta":{"footnotes":""},"categories":[19],"tags":[],"class_list":["post-56940","post","type-post","status-publish","format-standard","has-post-thumbnail","hentry","category-espectaculos"],"_links":{"self":[{"href":"https:\/\/corrientesdetarde.com\/index.php\/wp-json\/wp\/v2\/posts\/56940","targetHints":{"allow":["GET"]}}],"collection":[{"href":"https:\/\/corrientesdetarde.com\/index.php\/wp-json\/wp\/v2\/posts"}],"about":[{"href":"https:\/\/corrientesdetarde.com\/index.php\/wp-json\/wp\/v2\/types\/post"}],"author":[{"embeddable":true,"href":"https:\/\/corrientesdetarde.com\/index.php\/wp-json\/wp\/v2\/users\/1"}],"replies":[{"embeddable":true,"href":"https:\/\/corrientesdetarde.com\/index.php\/wp-json\/wp\/v2\/comments?post=56940"}],"version-history":[{"count":1,"href":"https:\/\/corrientesdetarde.com\/index.php\/wp-json\/wp\/v2\/posts\/56940\/revisions"}],"predecessor-version":[{"id":56946,"href":"https:\/\/corrientesdetarde.com\/index.php\/wp-json\/wp\/v2\/posts\/56940\/revisions\/56946"}],"wp:featuredmedia":[{"embeddable":true,"href":"https:\/\/corrientesdetarde.com\/index.php\/wp-json\/wp\/v2\/media\/56945"}],"wp:attachment":[{"href":"https:\/\/corrientesdetarde.com\/index.php\/wp-json\/wp\/v2\/media?parent=56940"}],"wp:term":[{"taxonomy":"category","embeddable":true,"href":"https:\/\/corrientesdetarde.com\/index.php\/wp-json\/wp\/v2\/categories?post=56940"},{"taxonomy":"post_tag","embeddable":true,"href":"https:\/\/corrientesdetarde.com\/index.php\/wp-json\/wp\/v2\/tags?post=56940"}],"curies":[{"name":"wp","href":"https:\/\/api.w.org\/{rel}","templated":true}]}}