{"id":56952,"date":"2023-04-27T10:07:47","date_gmt":"2023-04-27T13:07:47","guid":{"rendered":"https:\/\/corrientesdetarde.com\/?p=56952"},"modified":"2023-04-27T10:07:52","modified_gmt":"2023-04-27T13:07:52","slug":"ferreterias-hay-aumentos-de-hasta-el-20","status":"publish","type":"post","link":"https:\/\/corrientesdetarde.com\/index.php\/economia\/ferreterias-hay-aumentos-de-hasta-el-20\/","title":{"rendered":"Ferreter\u00edas: hay aumentos de hasta el 20%"},"content":{"rendered":"\n<p>El presidente de la C\u00e1mara Argentina de Ferreter\u00edas y Afines, Sergio Angiulli, dijo que el sector atravieza aumentos de hasta el 20% y faltantes en algunos productos puntuales debido al alza del d\u00f3lar libre de los \u00faltimos d\u00edas, ya que la disparada de la divisa genera incertidumbre sobre los precios de reposici\u00f3n. Esos problemas se suman trabas a la importaci\u00f3n que reduc\u00edan el stock de varios items.<\/p>\n\n\n\n<p>&#8220;Tenemos proveedores que no van a entregar mercader\u00eda hasta que el d\u00f3lar se estabilice&#8221; cont\u00f3 el due\u00f1o de una ferreter\u00eda en Corrientes. \u00a0<\/p>\n\n\n\n<p>&#8220;Nos sabemos d\u00f3nde estamos parados ni donde vamos a llegar&#8221; lament\u00f3 pero asegur\u00f3 que la gente sigue comprando. Indic\u00f3 que en los \u00faltimos meses recibieron subas desde 8 a 15%.<\/p>\n\n\n\n<p><strong>El panorama nacional&nbsp;<\/strong><\/p>\n\n\n\n<p>&#8220;Nosotros ten\u00edamos una inflaci\u00f3n del 6 al 7% mensual, lo ven\u00edamos transitando desde un a\u00f1o atr\u00e1s, pero en estos \u00faltimos d\u00edas los precios han aumentado el 15%, algunos llegan al 20% y se complica mucho m\u00e1s porque algunos importadores deciden no entregar mercader\u00edas porque no existe un precio real del producto&#8221;, dijo el dirigente.<\/p>\n\n\n\n<p>&nbsp;<br>En di\u00e1logo con Radio Mitre, Angiulli detall\u00f3 que el acero es uno de los productos faltantes y que tambi\u00e9n es escaso el cobre, lo que afecta al abastecimiento de cables el\u00e9ctricos para el sector.<\/p>\n\n\n\n<p>&#8220;En estos \u00faltimos d\u00edas los precios han aumentado el 15%, algunos llegan al 20% y se complica mucho m\u00e1s porque algunos importadores deciden no entregar mercader\u00edas&#8221;<br>Tambi\u00e9n remarc\u00f3 que la dependencia de las importaciones es un problema grave en medio de trabas a los pagos al exterior, porque la mayor parte de los productos llegan desde afuera del pa\u00eds.<\/p>\n\n\n\n<p>&#8220;Antes en nuestro rubro se produc\u00eda mucho en el pa\u00eds, ahora eso no pasa, es todo importado. Nos estamos quedando muy atr\u00e1s en tecnolog\u00eda y eso se nota en la competitividad de lo que se produce ac\u00e1. Tambi\u00e9n hay producci\u00f3n nacional que no puede entregar porque alg\u00fan componente o m\u00e1quina que es importado y no puede producir. Hacemos agua por varios lados&#8221;, dijo el dirigente de los ferreteros.<\/p>\n\n\n\n<p>Consultado respecto a la marcha de los negocios, Angiulli admiti\u00f3 que detectan una ca\u00edda en las ventas en los \u00faltimos d\u00edas.<\/p>\n\n\n\n<p>&#8220;Hemos mantenido a duras penas el incremento de las ventas mensuales con la inflaci\u00f3n interanual, ahora la cuenta directamente la hemos perdido. Tenemos seguramente un 10% menos desde el vamos. Pero lo m\u00e1s terrible es que perdemos utilidad en el mejor de los casos y, en el peor de los casos, ma\u00f1ana no podemos reponer al precio al que vendimos hoy&#8221;, detall\u00f3.<\/p>\n\n\n\n<p>&#8220;Hay muy poco dinero en la calle, entonces aunque al cliente le gustar\u00eda adelantar compras, no puede&#8221;<br>Respecto a la reacci\u00f3n de los clientes ante la disparada del d\u00f3lar libre, que ayer cerr\u00f3 en $495, el dirigente comercial dijo que por la ca\u00edda de la actividad, las compras especulativas que esperan adelantarse a aumentos de precios futuros son pocas.<\/p>\n\n\n\n<p>&#8220;Hay muy poco dinero en la calle, entonces aunque al cliente le gustar\u00eda adelantar, no puede. Pensemos en el que est\u00e1 construyendo, le gustar\u00eda hacer una compra de acopio, pero no puede porque depende del dinero que le llega mes a mes. Lamentablemente, tampoco podr\u00edamos afrontar una compra de acopio porque nosotros no estamos recibiendo mercader\u00eda en la manera en que queremos&#8221;, coment\u00f3.<\/p>\n\n\n\n<p>&#8220;Incluso tenemos cupos en algunos productos. Sabemos que ma\u00f1ana le va a salir m\u00e1s caro, pero el cliente com\u00fan no cuenta con el dinero como para salir a comprar y a guardar&#8221;, concluy\u00f3.<\/p>\n","protected":false},"excerpt":{"rendered":"<p>El presidente de la C\u00e1mara Argentina de Ferreter\u00edas y Afines, Sergio Angiulli, dijo que el sector atravieza aumentos de hasta el 20% y faltantes en algunos productos puntuales debido al&hellip; <\/p>\n","protected":false},"author":1,"featured_media":56956,"comment_status":"closed","ping_status":"open","sticky":false,"template":"","format":"standard","meta":{"footnotes":""},"categories":[20],"tags":[],"class_list":["post-56952","post","type-post","status-publish","format-standard","has-post-thumbnail","hentry","category-economia"],"_links":{"self":[{"href":"https:\/\/corrientesdetarde.com\/index.php\/wp-json\/wp\/v2\/posts\/56952","targetHints":{"allow":["GET"]}}],"collection":[{"href":"https:\/\/corrientesdetarde.com\/index.php\/wp-json\/wp\/v2\/posts"}],"about":[{"href":"https:\/\/corrientesdetarde.com\/index.php\/wp-json\/wp\/v2\/types\/post"}],"author":[{"embeddable":true,"href":"https:\/\/corrientesdetarde.com\/index.php\/wp-json\/wp\/v2\/users\/1"}],"replies":[{"embeddable":true,"href":"https:\/\/corrientesdetarde.com\/index.php\/wp-json\/wp\/v2\/comments?post=56952"}],"version-history":[{"count":1,"href":"https:\/\/corrientesdetarde.com\/index.php\/wp-json\/wp\/v2\/posts\/56952\/revisions"}],"predecessor-version":[{"id":56957,"href":"https:\/\/corrientesdetarde.com\/index.php\/wp-json\/wp\/v2\/posts\/56952\/revisions\/56957"}],"wp:featuredmedia":[{"embeddable":true,"href":"https:\/\/corrientesdetarde.com\/index.php\/wp-json\/wp\/v2\/media\/56956"}],"wp:attachment":[{"href":"https:\/\/corrientesdetarde.com\/index.php\/wp-json\/wp\/v2\/media?parent=56952"}],"wp:term":[{"taxonomy":"category","embeddable":true,"href":"https:\/\/corrientesdetarde.com\/index.php\/wp-json\/wp\/v2\/categories?post=56952"},{"taxonomy":"post_tag","embeddable":true,"href":"https:\/\/corrientesdetarde.com\/index.php\/wp-json\/wp\/v2\/tags?post=56952"}],"curies":[{"name":"wp","href":"https:\/\/api.w.org\/{rel}","templated":true}]}}