{"id":56980,"date":"2023-04-27T11:53:14","date_gmt":"2023-04-27T14:53:14","guid":{"rendered":"https:\/\/corrientesdetarde.com\/?p=56980"},"modified":"2023-04-27T11:53:17","modified_gmt":"2023-04-27T14:53:17","slug":"se-lanza-la-colecta-de-santi-maratea-para-ayudar-a-independiente","status":"publish","type":"post","link":"https:\/\/corrientesdetarde.com\/index.php\/informacion-general\/se-lanza-la-colecta-de-santi-maratea-para-ayudar-a-independiente\/","title":{"rendered":"Se lanza la colecta de Santi Maratea para ayudar a Independiente"},"content":{"rendered":"\n<p>El presente de Independiente, tanto Institucional como deportivamente, sigue siendo complicado pero con la llegada de Ricardo Zielinski, que empat\u00f3 ante Racing y perdi\u00f3 ante River, parece traer un poco de tranquilidad necesaria para afrontar todos los momentos complicados que pueden llegan a venir.<br>Con este panorama y teniendo en cuenta que Santi Maratea hab\u00eda expresado en las redes sociales que se iba a encargar de llevar adelante la colecta solidaria para ayudar a sanear las deudas del Rojo, el rumor termin\u00f3 siendo una confirmaci\u00f3n y en las pr\u00f3ximas horas habr\u00e1 una confirmaci\u00f3n oficial.<br>\u00a0<br>\u00a0Seg\u00fan trascendi\u00f3, este jueves se har\u00e1 una conferencia de prensa al mediod\u00eda en el estadio Libertadores de Am\u00e9rica y el influencer estar\u00e1 acompa\u00f1ado Pep\u00e9 Santoro y ya tiene la aprobaci\u00f3n de toda la dirigencia. Lo \u00fanico que falta para ultimar todos los detalles es la apertura de la cuenta donde se depositar\u00e1 el dinero.<\/p>\n\n\n\n<figure class=\"wp-block-embed is-type-rich is-provider-twitter wp-block-embed-twitter\"><div class=\"wp-block-embed__wrapper\">\n<blockquote class=\"twitter-tweet\" data-width=\"550\" data-dnt=\"true\"><p lang=\"es\" dir=\"ltr\">\ud83d\udea8 <a href=\"https:\/\/twitter.com\/hashtag\/ALERTA?src=hash&amp;ref_src=twsrc%5Etfw\">#ALERTA<\/a> | Se viene el anuncio: Santi Maratea iniciar\u00e1 la colecta para <a href=\"https:\/\/twitter.com\/hashtag\/Independiente?src=hash&amp;ref_src=twsrc%5Etfw\">#Independiente<\/a><br><br>\ud83d\udcccSe har\u00e1 una conferencia de prensa ma\u00f1ana al mediod\u00eda en el LDA<br><br>\ud83d\udcccEstar\u00e1 acompa\u00f1ado por Pep\u00e9 Santoro y tiene el &#39;ok&#39; de la CD<br><br>\ud83d\udcccResta la apertura de la cuenta donde se depositar\u00e1 el dinero <a href=\"https:\/\/t.co\/Vmt4EoO0RF\">pic.twitter.com\/Vmt4EoO0RF<\/a><\/p>&mdash; doble amarilla \u2b50\ufe0f\u2b50\ufe0f\u2b50\ufe0f (@okdobleamarilla) <a href=\"https:\/\/twitter.com\/okdobleamarilla\/status\/1651225284295663616?ref_src=twsrc%5Etfw\">April 26, 2023<\/a><\/blockquote><script async src=\"https:\/\/platform.twitter.com\/widgets.js\" charset=\"utf-8\"><\/script>\n<\/div><\/figure>\n\n\n\n<p><strong>QU\u00c9 HAB\u00cdA DICHO SANTI MARATEA SOBRE LA COLECTA<\/strong><br>&#8220;Estoy muy seguro de lo que estoy haciendo. Con independiente me pas\u00f3 eso. Se perfectamente lo que estoy haciendo, con qui\u00e9n estoy hablando y se mucho de la realidad del club que no s\u00e9 si todos lo saben. No necesito la opini\u00f3n de cualquiera&#8221;, explic\u00f3 Maratea<\/p>\n\n\n\n<p>A su vez sostuvo que &#8220;el club es de los hinchas, ellos sabr\u00e1n qu\u00e9 hacer&#8221;, adem\u00e1s consider\u00f3 que Independiente &#8220;es uno de los m\u00e1s grandes de la Argentina, que est\u00e1 en una situaci\u00f3n muy cr\u00edtica y que hay una uni\u00f3n de hinchas para que esto salga adelante, pero no hay una figura que genere confianza y yo no soy m\u00e1s que esa figura&#8221;.<\/p>\n","protected":false},"excerpt":{"rendered":"<p>El presente de Independiente, tanto Institucional como deportivamente, sigue siendo complicado pero con la llegada de Ricardo Zielinski, que empat\u00f3 ante Racing y perdi\u00f3 ante River, parece traer un poco&hellip; <\/p>\n","protected":false},"author":1,"featured_media":56984,"comment_status":"closed","ping_status":"open","sticky":false,"template":"","format":"standard","meta":{"footnotes":""},"categories":[1],"tags":[],"class_list":["post-56980","post","type-post","status-publish","format-standard","has-post-thumbnail","hentry","category-informacion-general"],"_links":{"self":[{"href":"https:\/\/corrientesdetarde.com\/index.php\/wp-json\/wp\/v2\/posts\/56980","targetHints":{"allow":["GET"]}}],"collection":[{"href":"https:\/\/corrientesdetarde.com\/index.php\/wp-json\/wp\/v2\/posts"}],"about":[{"href":"https:\/\/corrientesdetarde.com\/index.php\/wp-json\/wp\/v2\/types\/post"}],"author":[{"embeddable":true,"href":"https:\/\/corrientesdetarde.com\/index.php\/wp-json\/wp\/v2\/users\/1"}],"replies":[{"embeddable":true,"href":"https:\/\/corrientesdetarde.com\/index.php\/wp-json\/wp\/v2\/comments?post=56980"}],"version-history":[{"count":1,"href":"https:\/\/corrientesdetarde.com\/index.php\/wp-json\/wp\/v2\/posts\/56980\/revisions"}],"predecessor-version":[{"id":56985,"href":"https:\/\/corrientesdetarde.com\/index.php\/wp-json\/wp\/v2\/posts\/56980\/revisions\/56985"}],"wp:featuredmedia":[{"embeddable":true,"href":"https:\/\/corrientesdetarde.com\/index.php\/wp-json\/wp\/v2\/media\/56984"}],"wp:attachment":[{"href":"https:\/\/corrientesdetarde.com\/index.php\/wp-json\/wp\/v2\/media?parent=56980"}],"wp:term":[{"taxonomy":"category","embeddable":true,"href":"https:\/\/corrientesdetarde.com\/index.php\/wp-json\/wp\/v2\/categories?post=56980"},{"taxonomy":"post_tag","embeddable":true,"href":"https:\/\/corrientesdetarde.com\/index.php\/wp-json\/wp\/v2\/tags?post=56980"}],"curies":[{"name":"wp","href":"https:\/\/api.w.org\/{rel}","templated":true}]}}