{"id":56981,"date":"2023-04-27T11:51:02","date_gmt":"2023-04-27T14:51:02","guid":{"rendered":"https:\/\/corrientesdetarde.com\/?p=56981"},"modified":"2023-04-27T11:51:06","modified_gmt":"2023-04-27T14:51:06","slug":"wanda-nara-y-maxi-lopez-compartieron-una-cena-familiar-junto-a-sus-hijos","status":"publish","type":"post","link":"https:\/\/corrientesdetarde.com\/index.php\/espectaculos\/wanda-nara-y-maxi-lopez-compartieron-una-cena-familiar-junto-a-sus-hijos\/","title":{"rendered":"Wanda Nara y Maxi L\u00f3pez compartieron una cena familiar junto a sus hijos"},"content":{"rendered":"\n<p>Desde hace un tiempo, Wanda Nara y Maxi L\u00f3pez lograron recomponer su v\u00ednculo y comenzaron a tener una mejor relaci\u00f3n. De hecho, comparten diferentes momentos todos juntos, como una familia ensamblada.<br>La familia L\u00f3pez y Nara se encuentra completa en Argentina y este mi\u00e9rcoles la conductora y el ex futbolista se juntaron en una parrilla de Palermo y compartieron la cena con sus hijos Valentino, Constantino y Benedicto.<\/p>\n\n\n\n<figure class=\"wp-block-embed is-type-rich is-provider-twitter wp-block-embed-twitter\"><div class=\"wp-block-embed__wrapper\">\n<blockquote class=\"twitter-tweet\" data-width=\"550\" data-dnt=\"true\"><p lang=\"es\" dir=\"ltr\">\ud83d\ude31 Wanda Nara y Maxi L\u00f3pez juntos en un restaurante en Palermo<br><br>\ud83d\udc49 La empresaria entr\u00f3 con Kennys Palacios.<br><br>Cc <a href=\"https:\/\/twitter.com\/hashtag\/LAM?src=hash&amp;ref_src=twsrc%5Etfw\">#LAM<\/a> en Am\u00e9rica TV \ud83d\udcfa <a href=\"https:\/\/twitter.com\/elejercitodelam?ref_src=twsrc%5Etfw\">@elejercitodelam<\/a> <a href=\"https:\/\/twitter.com\/AngeldebritoOk?ref_src=twsrc%5Etfw\">@AngeldebritoOk<\/a> <a href=\"https:\/\/t.co\/o6QBhyWhaD\">pic.twitter.com\/o6QBhyWhaD<\/a><\/p>&mdash; Am\u00e9rica TV (@AmericaTV) <a href=\"https:\/\/twitter.com\/AmericaTV\/status\/1651386103767629827?ref_src=twsrc%5Etfw\">April 27, 2023<\/a><\/blockquote><script async src=\"https:\/\/platform.twitter.com\/widgets.js\" charset=\"utf-8\"><\/script>\n<\/div><\/figure>\n\n\n\n<p>Seg\u00fan mostraron en LAM, Maxi ya se encontraba cenando con sus hijos, cuando tiempo despu\u00e9s lleg\u00f3 Wanda con Kenny Palacios al lugar y, a pesar de tener una mesa reservada, se sum\u00f3 con el resto de la familia y la noche sigui\u00f3 con un clima muy tranquilo y divertido.<\/p>\n","protected":false},"excerpt":{"rendered":"<p>Desde hace un tiempo, Wanda Nara y Maxi L\u00f3pez lograron recomponer su v\u00ednculo y comenzaron a tener una mejor relaci\u00f3n. De hecho, comparten diferentes momentos todos juntos, como una familia&hellip; <\/p>\n","protected":false},"author":1,"featured_media":56982,"comment_status":"closed","ping_status":"open","sticky":false,"template":"","format":"standard","meta":{"footnotes":""},"categories":[19],"tags":[],"class_list":["post-56981","post","type-post","status-publish","format-standard","has-post-thumbnail","hentry","category-espectaculos"],"_links":{"self":[{"href":"https:\/\/corrientesdetarde.com\/index.php\/wp-json\/wp\/v2\/posts\/56981","targetHints":{"allow":["GET"]}}],"collection":[{"href":"https:\/\/corrientesdetarde.com\/index.php\/wp-json\/wp\/v2\/posts"}],"about":[{"href":"https:\/\/corrientesdetarde.com\/index.php\/wp-json\/wp\/v2\/types\/post"}],"author":[{"embeddable":true,"href":"https:\/\/corrientesdetarde.com\/index.php\/wp-json\/wp\/v2\/users\/1"}],"replies":[{"embeddable":true,"href":"https:\/\/corrientesdetarde.com\/index.php\/wp-json\/wp\/v2\/comments?post=56981"}],"version-history":[{"count":1,"href":"https:\/\/corrientesdetarde.com\/index.php\/wp-json\/wp\/v2\/posts\/56981\/revisions"}],"predecessor-version":[{"id":56983,"href":"https:\/\/corrientesdetarde.com\/index.php\/wp-json\/wp\/v2\/posts\/56981\/revisions\/56983"}],"wp:featuredmedia":[{"embeddable":true,"href":"https:\/\/corrientesdetarde.com\/index.php\/wp-json\/wp\/v2\/media\/56982"}],"wp:attachment":[{"href":"https:\/\/corrientesdetarde.com\/index.php\/wp-json\/wp\/v2\/media?parent=56981"}],"wp:term":[{"taxonomy":"category","embeddable":true,"href":"https:\/\/corrientesdetarde.com\/index.php\/wp-json\/wp\/v2\/categories?post=56981"},{"taxonomy":"post_tag","embeddable":true,"href":"https:\/\/corrientesdetarde.com\/index.php\/wp-json\/wp\/v2\/tags?post=56981"}],"curies":[{"name":"wp","href":"https:\/\/api.w.org\/{rel}","templated":true}]}}