{"id":57078,"date":"2023-04-27T16:09:58","date_gmt":"2023-04-27T19:09:58","guid":{"rendered":"https:\/\/corrientesdetarde.com\/?p=57078"},"modified":"2023-04-27T16:10:08","modified_gmt":"2023-04-27T19:10:08","slug":"para-contener-al-dolar-blue-el-bcra-subira-la-tasa-de-plazos-fijos-a-91","status":"publish","type":"post","link":"https:\/\/corrientesdetarde.com\/index.php\/economia\/para-contener-al-dolar-blue-el-bcra-subira-la-tasa-de-plazos-fijos-a-91\/","title":{"rendered":"Para contener al d\u00f3lar blue, el BCRA subir\u00e1 la tasa de plazos fijos a 91%"},"content":{"rendered":"\n<p>Tambi\u00e9n aumentar\u00e1 a $30 millones el monto de los plazos fijos considerados minoristas, que tiene un rendimiento regulado. La decisi\u00f3n ya fue comunicada a los jugadores del mercado.<\/p>\n\n\n\n<p>Como parte de las medidas del Gobierno para tratar de frenar la escalada del\u00a0<strong>d\u00f3lar blue<\/strong>\u00a0y los financieros, el Banco Central aprobar\u00e1 este jueves una\u00a0<strong>fuerte suba de tasas<\/strong>, seg\u00fan se pudo saber. El\u00a0<strong>incremento<\/strong>\u00a0ser\u00e1 de\u00a0<strong>10<\/strong>\u00a0<strong>puntos<\/strong>\u00a0porcentuales, lo que llevar\u00e1 el retorno de referenciapara las Leliq y los plazos fijos minoristas a\u00a0<strong>91%.<\/strong><\/p>\n\n\n\n<p>Para amplificar el efecto de la suba de tasas, el organismo tambi\u00e9n\u00a0<strong>aumentar\u00e1 de $10 millones a $30 millones<\/strong>\u00a0el monto m\u00e1ximo hasta el cual los\u00a0<strong>plazos fijos tienen tasa regulada<\/strong>. As\u00ed, ser\u00e1 mayor el universo de depositantes que percibir\u00e1n un rendimiento m\u00e1s alto por los pesos que dejan en el banco.<\/p>\n\n\n\n<p>La medida llega luego del\u00a0<strong>salto del d\u00f3lar blue<\/strong>, que a principios de esta semana\u00a0lleg\u00f3 a un r\u00e9cord de $497, y de los financieros. Y contin\u00faa en la misma l\u00ednea que otras que tom\u00f3 el Gobierno, como\u00a0intervenir con reservas\u00a0en el contado con liquidaci\u00f3n y el d\u00f3lar Mep.<\/p>\n\n\n\n<p>Este mediod\u00eda, el BCRA&nbsp;<strong>oficializ\u00f3 la decisi\u00f3n<\/strong>&nbsp;ante los jugadores del mercado a trav\u00e9s de un mensaje en el sistema Siopel, que utilizan para operar. All\u00ed indic\u00f3 que hoy mismo licitar\u00e1 Leliq a 27 d\u00edas con una&nbsp;<strong>tasa de 91%<\/strong>. Adem\u00e1s comunic\u00f3 un&nbsp;<strong>aumento en la tasa de pases<\/strong>&nbsp;(un instrumento de deuda del BCRA a un d\u00eda de plazo), que qued\u00f3 en 85% luego del aumento de 10 puntos porcentuales.<\/p>\n\n\n\n<h2 class=\"wp-block-heading\">Plazos fijos vs. inflaci\u00f3n: c\u00f3mo quedar\u00edan las tasas<\/h2>\n\n\n\n<p>Cuando se concrete la suba de tasas,\u00a0<strong>el rendimiento mensual de los plazos fijos alcanzar\u00eda 7,58%<\/strong>. En consecuencia, estar\u00eda apenas por debajo del\u00a0dato r\u00e9cord de la inflaci\u00f3n de marzo y quedar\u00eda por encima del aumento de precios esperado para los pr\u00f3ximos meses, que\u00a0seg\u00fan los privados estar\u00eda entre un 6,5% y 7 %.<\/p>\n\n\n\n<p>La idea del equipo econ\u00f3mico es que la tasa no solamente sea positiva con respecto a la inflaci\u00f3n, sino que tambi\u00e9n\u00a0<strong>le gane a la devaluaci\u00f3n del tipo de cambio oficial<\/strong>, que\u00a0se aceler\u00f3 en abril. Apuntan as\u00ed a fortalecer los dep\u00f3sitos en plazo fijo para intentar r<strong>estarle demanda a los d\u00f3lares y a los bienes<\/strong>\u00a0(inflaci\u00f3n).<\/p>\n\n\n\n<figure class=\"wp-block-image size-large\"><img loading=\"lazy\" decoding=\"async\" width=\"1024\" height=\"576\" src=\"https:\/\/corrientesdetarde.com\/wp-content\/uploads\/2023\/04\/image-892-1024x576.png\" alt=\"\" class=\"wp-image-57081\" srcset=\"https:\/\/corrientesdetarde.com\/wp-content\/uploads\/2023\/04\/image-892-1024x576.png 1024w, https:\/\/corrientesdetarde.com\/wp-content\/uploads\/2023\/04\/image-892-300x169.png 300w, https:\/\/corrientesdetarde.com\/wp-content\/uploads\/2023\/04\/image-892-768x432.png 768w, https:\/\/corrientesdetarde.com\/wp-content\/uploads\/2023\/04\/image-892.png 1440w\" sizes=\"auto, (max-width: 1024px) 100vw, 1024px\" \/><\/figure>\n\n\n\n<p>La de este jueves ser\u00e1 la\u00a0<strong>segunda suba de tasas\u00a0<\/strong>en dos semanas, ya que el jueves pasado la entidad hab\u00eda hecho un aumento de tres puntos porcentuales, que elev\u00f3 el rendimiento de la Leliq y el plazo fijo de 78% a 81%.<\/p>\n\n\n\n<p>Antes, en marzo, el BCRA hab\u00eda retocado la tasa otros tres puntos porcentuales y\u00a0la hab\u00eda llevado de 75% a 78% . A lo largo de 2022, en tanto, la entidad ajust\u00f3 al alza nueve veces.<\/p>\n\n\n\n<p>Aunque el Gobierno tiene un de mantener las tasas positivas ante el FMI, debe administrar con cuidado cada punto de tasa que sube porque\u00a0<strong>encarece su propia deuda<\/strong>\u00a0y\u00a0<strong>aumenta la emisi\u00f3n<\/strong>\u00a0monetaria. El excedente de esa inyecci\u00f3n de pesos luego debe ser retirado mediante la colocaci\u00f3n de m\u00e1s deuda del BCRA, lo que<strong> abulta los pasivos \u00a0y el pago de intereses.<\/strong><\/p>\n","protected":false},"excerpt":{"rendered":"<p>Tambi\u00e9n aumentar\u00e1 a $30 millones el monto de los plazos fijos considerados minoristas, que tiene un rendimiento regulado. La decisi\u00f3n ya fue comunicada a los jugadores del mercado. Como parte&hellip; <\/p>\n","protected":false},"author":8,"featured_media":57080,"comment_status":"closed","ping_status":"open","sticky":false,"template":"","format":"standard","meta":{"footnotes":""},"categories":[20],"tags":[],"class_list":["post-57078","post","type-post","status-publish","format-standard","has-post-thumbnail","hentry","category-economia"],"_links":{"self":[{"href":"https:\/\/corrientesdetarde.com\/index.php\/wp-json\/wp\/v2\/posts\/57078","targetHints":{"allow":["GET"]}}],"collection":[{"href":"https:\/\/corrientesdetarde.com\/index.php\/wp-json\/wp\/v2\/posts"}],"about":[{"href":"https:\/\/corrientesdetarde.com\/index.php\/wp-json\/wp\/v2\/types\/post"}],"author":[{"embeddable":true,"href":"https:\/\/corrientesdetarde.com\/index.php\/wp-json\/wp\/v2\/users\/8"}],"replies":[{"embeddable":true,"href":"https:\/\/corrientesdetarde.com\/index.php\/wp-json\/wp\/v2\/comments?post=57078"}],"version-history":[{"count":1,"href":"https:\/\/corrientesdetarde.com\/index.php\/wp-json\/wp\/v2\/posts\/57078\/revisions"}],"predecessor-version":[{"id":57082,"href":"https:\/\/corrientesdetarde.com\/index.php\/wp-json\/wp\/v2\/posts\/57078\/revisions\/57082"}],"wp:featuredmedia":[{"embeddable":true,"href":"https:\/\/corrientesdetarde.com\/index.php\/wp-json\/wp\/v2\/media\/57080"}],"wp:attachment":[{"href":"https:\/\/corrientesdetarde.com\/index.php\/wp-json\/wp\/v2\/media?parent=57078"}],"wp:term":[{"taxonomy":"category","embeddable":true,"href":"https:\/\/corrientesdetarde.com\/index.php\/wp-json\/wp\/v2\/categories?post=57078"},{"taxonomy":"post_tag","embeddable":true,"href":"https:\/\/corrientesdetarde.com\/index.php\/wp-json\/wp\/v2\/tags?post=57078"}],"curies":[{"name":"wp","href":"https:\/\/api.w.org\/{rel}","templated":true}]}}