{"id":57457,"date":"2023-04-29T08:32:47","date_gmt":"2023-04-29T11:32:47","guid":{"rendered":"https:\/\/corrientesdetarde.com\/?p=57457"},"modified":"2023-04-29T08:32:54","modified_gmt":"2023-04-29T11:32:54","slug":"hoteles-de-capital-sin-modificacion-de-tarifas-y-con-buena-ocupacion","status":"publish","type":"post","link":"https:\/\/corrientesdetarde.com\/index.php\/turismo\/hoteles-de-capital-sin-modificacion-de-tarifas-y-con-buena-ocupacion\/","title":{"rendered":"Hoteles de Capital sin modificaci\u00f3n de tarifas y con buena ocupaci\u00f3n"},"content":{"rendered":"\n<p>En la semana en la que el d\u00f3lar marc\u00f3 a muchos sectores de la econom\u00eda, los hospedajes de la capital provincial en su gran mayor\u00eda no incrementar\u00e1n sus precios. Adem\u00e1s, para hoy y ma\u00f1ana hay buen porcentaje de ocupantes.<\/p>\n\n\n\n<p>Pese a la crisis existente en el pa\u00eds, cada fin de semana largo los hoteles de la ciudad de Corrientes cuentan con buen porcentaje de ocupaci\u00f3n. Para hoy, la mayor\u00eda cuenta con un 70% de habitaciones ocupadas.<\/p>\n\n\n\n<p>M\u00e1s all\u00e1 de los inconvenientes econ\u00f3micos, la gente cuando hay d\u00edas libres en el calendario nacional aprovecha para viajar. En este sentido, la Capital de Corrientes se transform\u00f3 en una alternativa en el Nordeste Argentino. Su oferta tur\u00edstica que va desde su colorido casco hist\u00f3rico, pasando por la Costanera y las playas, son algunos de los atractivos para quedarse dos o tres d\u00edas.<\/p>\n\n\n\n<p>En el caso del fin de semana largo por el D\u00eda del Trabajador, los hoteles de la ciudad tendr\u00e1n una ocupaci\u00f3n que va desde el 50 al 70 por ciento. &#8220;El encuentro Mundial de Brangus fue importante para la alta demanda que tuvimos en estos d\u00edas. A eso hay que sumarle que durante el fin de semana largo, turistas de Paraguay, Brasil y de distintos puntos de Nordeste Argentino (NEA) se acerca a visitar familiares o bien a disfrutar de la ciudad&#8221;, dijo la recepcionista de un hotel c\u00e9ntrico en comunicaci\u00f3n con \u00e9poca.<\/p>\n\n\n\n<figure class=\"wp-block-image\"><img decoding=\"async\" src=\"https:\/\/www.diarioepoca.com\/content\/bucket\/8\/1293808w380h178c.jpg.webp\" alt=\"\"\/><\/figure>\n\n\n\n<h2 class=\"wp-block-heading\">Precios<\/h2>\n\n\n\n<p>Pese a que el pa\u00eds transit\u00f3 d\u00edas dif\u00edciles por los vaivenes que tuvo el d\u00f3lar, la mayor\u00eda de los hospedajes de la capital provincial mantienen sus tarifas por cada habitaci\u00f3n que ofrecen.<\/p>\n\n\n\n<p>&#8220;Pese a que muchos sectores de la econom\u00eda decidieron reacomodar sus precios, en el caso de este hotel por el momento no se habla de actualizaci\u00f3n de tarifas&#8221;, dijo el representante de otro hotel a este medio.<\/p>\n\n\n\n<p>Otro de los trabajadores consultados por \u00e9poca coment\u00f3 que reci\u00e9n en el mes de junio se esperan nuevas actualizaciones de tarifa.En la actualidad las habitaciones simples en la capital provincial van desde los $7.000 y hasta casi los $30.000.<\/p>\n\n\n\n<h2 class=\"wp-block-heading\">Un fin de semana para disfrutar<\/h2>\n\n\n\n<figure class=\"wp-block-image\"><img decoding=\"async\" src=\"https:\/\/www.diarioepoca.com\/content\/bucket\/8\/1293848w380h288c.jpg.webp\" alt=\"\"\/><\/figure>\n\n\n\n<p>Desde el viernes hasta el domingo, los vecinos de la ciudad tienen una gran variedad de propuestas gratuitas para disfrutar al aire libre en el marco de la programaci\u00f3n por el Mes de Corrientes.<\/p>\n\n\n\n<p>La Feria de Artesanos se realiz\u00f3 ayer de 9 a 21 en la plaza Cabral, en tanto que hoy y ma\u00f1ana el lugar elegido ser\u00e1 la avenida Costanera General San Mart\u00edn y calle Las Heras.<\/p>\n\n\n\n<p>De acuerdo a la agenda hoy, de 9 a 18, se realizar\u00e1 un torneo de jiu-jitsu en el albergue deportivo de la Secretar\u00eda de Deportes de la Provincia, ubicado en Rivadavia al 200.<\/p>\n\n\n\n<p>Para invitar a descubrir Corrientes, se realizar\u00e1 un recorrido guiado por la Punta Arazaty el domingo 30 de abril de 18 a 20. El punto de encuentro ser\u00e1 el paseo Arazaty (Acorde\u00f3n &#8220;Ra\u00edz en despliegue&#8221;) donde con el acompa\u00f1amiento de gu\u00edas de la Secretar\u00eda de Turismo y Deportes se conocer\u00e1 un poco m\u00e1s del emblem\u00e1tico espacio.<\/p>\n\n\n\n<p>Durante los d\u00edas s\u00e1bado y domingo, nuevamente llegar\u00e1n a la avenida Costanera General San Mart\u00edn, entre Pellegrini y Don Bosco, los autos cl\u00e1sicos. Para todos los amantes de estos hist\u00f3ricos rodados, este tercer encuentro se llevar\u00e1 delante de 10 a 21. De 15 a 21 una vez m\u00e1s y como cada fin de semana el Torneo Mundialito Popular -Playa 2023 tendr\u00e1 lugar en la playa Arazaty con la participaci\u00f3n de m\u00e1s de 32 equipos de diferentes clubes y equipos de la ciudad.<\/p>\n\n\n\n<h2 class=\"wp-block-heading\">Servicios para el 1 de mayo<\/h2>\n\n\n\n<figure class=\"wp-block-image\"><img decoding=\"async\" src=\"https:\/\/www.diarioepoca.com\/content\/bucket\/7\/1293847w380h234c.jpg.webp\" alt=\"\"\/><\/figure>\n\n\n\n<p>La comuna capitalina inform\u00f3 que habr\u00e1 recolecci\u00f3n por el D\u00eda del Trabajador. No funcionar\u00e1n la mayor\u00eda de las dependencias municipales. No obstante, s\u00ed lo har\u00e1 la oficina de Defunciones que atender\u00e1 tanto el lunes como el mi\u00e9rcoles con una guardia, de 7 a 19, para tr\u00e1mites de inhumaciones, introducci\u00f3n de cenizas y traslados urgentes. Tambi\u00e9n ese d\u00eda el San Juan Bautista y San Isidro estar\u00e1n abiertos en el mismo horario para inhumaciones y visitas.<\/p>\n\n\n\n<p>Tambi\u00e9n se indic\u00f3 que los Mercados de Abasto (El Piso) y de Productos Frescos, permanecer\u00e1n cerrados el 1 de mayo, mientras que el 3 estar\u00e1n abiertos desde las 7 hasta las 13. Los Paseos de Compras ubicados en El Piso, Zona Norte y Exv\u00edas, atender\u00e1 de 8 a 21. Las \u00e1reas operativas municipales, como ser Tr\u00e1nsito, Guardia Urbana y Transporte, con guardias.<\/p>\n","protected":false},"excerpt":{"rendered":"<p>En la semana en la que el d\u00f3lar marc\u00f3 a muchos sectores de la econom\u00eda, los hospedajes de la capital provincial en su gran mayor\u00eda no incrementar\u00e1n sus precios. Adem\u00e1s,&hellip; <\/p>\n","protected":false},"author":3,"featured_media":57458,"comment_status":"closed","ping_status":"open","sticky":false,"template":"","format":"standard","meta":{"footnotes":""},"categories":[31],"tags":[],"class_list":["post-57457","post","type-post","status-publish","format-standard","has-post-thumbnail","hentry","category-turismo"],"_links":{"self":[{"href":"https:\/\/corrientesdetarde.com\/index.php\/wp-json\/wp\/v2\/posts\/57457","targetHints":{"allow":["GET"]}}],"collection":[{"href":"https:\/\/corrientesdetarde.com\/index.php\/wp-json\/wp\/v2\/posts"}],"about":[{"href":"https:\/\/corrientesdetarde.com\/index.php\/wp-json\/wp\/v2\/types\/post"}],"author":[{"embeddable":true,"href":"https:\/\/corrientesdetarde.com\/index.php\/wp-json\/wp\/v2\/users\/3"}],"replies":[{"embeddable":true,"href":"https:\/\/corrientesdetarde.com\/index.php\/wp-json\/wp\/v2\/comments?post=57457"}],"version-history":[{"count":1,"href":"https:\/\/corrientesdetarde.com\/index.php\/wp-json\/wp\/v2\/posts\/57457\/revisions"}],"predecessor-version":[{"id":57459,"href":"https:\/\/corrientesdetarde.com\/index.php\/wp-json\/wp\/v2\/posts\/57457\/revisions\/57459"}],"wp:featuredmedia":[{"embeddable":true,"href":"https:\/\/corrientesdetarde.com\/index.php\/wp-json\/wp\/v2\/media\/57458"}],"wp:attachment":[{"href":"https:\/\/corrientesdetarde.com\/index.php\/wp-json\/wp\/v2\/media?parent=57457"}],"wp:term":[{"taxonomy":"category","embeddable":true,"href":"https:\/\/corrientesdetarde.com\/index.php\/wp-json\/wp\/v2\/categories?post=57457"},{"taxonomy":"post_tag","embeddable":true,"href":"https:\/\/corrientesdetarde.com\/index.php\/wp-json\/wp\/v2\/tags?post=57457"}],"curies":[{"name":"wp","href":"https:\/\/api.w.org\/{rel}","templated":true}]}}