{"id":57463,"date":"2023-04-29T08:34:54","date_gmt":"2023-04-29T11:34:54","guid":{"rendered":"https:\/\/corrientesdetarde.com\/?p=57463"},"modified":"2023-04-29T08:35:16","modified_gmt":"2023-04-29T11:35:16","slug":"la-colorida-espera-de-los-pescadores-en-goya-entre-asado-y-musica","status":"publish","type":"post","link":"https:\/\/corrientesdetarde.com\/index.php\/informacion-general\/la-colorida-espera-de-los-pescadores-en-goya-entre-asado-y-musica\/","title":{"rendered":"La colorida espera de los pescadores en Goya entre asado y m\u00fasica"},"content":{"rendered":"\n<p>El Mundial de Pesca se vive a pleno. Hoy se realizar\u00e1 la largada de lanchas.<\/p>\n\n\n\n<p>Ya consagrada popularmente como El Mundial de Pesca, la Fiesta del Surub\u00ed de Goya brinda ribetes siempre novedosos y llamativos que trascienden el concurso. La &#8220;obligaci\u00f3n&#8221; de venir, la necesidad de compartir, la esperanza renovada de llegar. Goya vive su fiesta m\u00e1xima y \u00e9poca te cuenta algunos detalles.<\/p>\n\n\n\n<p>Limitar la fiesta de Goya a la largada de lanchas ser\u00eda soslayar el esp\u00edritu misteriosamente solidario del pescador. Competidor por naturaleza, &#8220;el se\u00f1or de las ca\u00f1as&#8221; tiene en su interior un don que en Corrientes es pay\u00e9: el compartir todo lo que se puede, despu\u00e9s \u2013en el r\u00edo- la cosa es otra.<\/p>\n\n\n\n<p>Vivir de esa manera les impone un estilo de vida que en la Fiesta del Surub\u00ed se convirti\u00f3 en un hecho que culmin\u00f3 en evento impostergable: La Pe\u00f1a de los Pescadores.<\/p>\n\n\n\n<p>En esa noche de convivencia pesquera, todos comparten la cena intercambiando platos, revolviendo ollas y \u2018aceitando\u2019 proleg\u00f3menos de lo que ser\u00e1 la noche pesquera en el Paran\u00e1 ind\u00f3mito.<\/p>\n\n\n\n<p>Por eso, en la mesa com\u00fan, vale la historia contada de acuerdo a las variantes personales de cada protagonista. Como debe ser entre pescadores, ni m\u00e1s ni menos.<\/p>\n\n\n\n<h2 class=\"wp-block-heading\">Del Norte santafesino<\/h2>\n\n\n\n<p>Un grupo lleg\u00f3 desde el Norte santafesino. Integrantes de la barra Cachencho Federal con equipos de Reconquista, El Carmen, Guadalupe Norte, y Avellaneda. Son 15 personas, este a\u00f1o, y desde hace cinco a\u00f1os Goya es cita obligada.<\/p>\n\n\n\n<p>&#8220;Venir a Goya es todo un desaf\u00edo. Venimos a disfrutar. Mucho vienen solo a eso, sin siquiera participar. Es una fiesta muy organizada. Es algo que pasa mucho m\u00e1s all\u00e1 de la pesca. Es el evento m\u00e1s grande y ni bien termina ya estamos esperando el anuncio para el a\u00f1o pr\u00f3ximo para empezar a organizarnos para volver&#8221;, cont\u00f3 Pablo Ma\u00f1ago, oriundo de Reconquista.<\/p>\n\n\n\n<p>Los santafesinos cocinaron cordero, y de esa manera compartieron la cena con cientos de amigos temporales que acercaron sus platos para vivir una previa de lujo.<\/p>\n\n\n\n<p>La pesca, una excusa: &#8220;Siempre se saca algo, pero todo depende de la zona. Y por ah\u00ed hacemos una buena pesca, pero hay muchas embarcaciones entonces cuesta llegar a un premio. Nunca tuvimos podio en el grupo, que es lo que queremos. La idea final ser\u00eda que haya pique y que la pesca sea un \u00e9xito&#8221;.<\/p>\n\n\n\n<h2 class=\"wp-block-heading\">El desaf\u00edo de seguir creciendo<\/h2>\n\n\n\n<p>&#8220;La Fiesta del Surub\u00ed es algo que todos los goyanos llevamos muy adentro. En la \u00faltima edici\u00f3n se dio un salto que nos plante\u00f3 nuevos desaf\u00edos. Eso nos llev\u00f3 a pensar en la posibilidad de ir analizando la profesionalizaci\u00f3n de algunos aspectos para seguir mejorando el producto&#8221;, le dijo a \u00e9poca el intendente, Mariano Hormaechea.<\/p>\n\n\n\n<p>&#8220;Tenemos que ir hacia una mirada internacional del evento&#8221;, consider\u00f3 el Jefe comunal.<\/p>\n\n\n\n<p>&#8220;Este a\u00f1o todas las condiciones est\u00e1n dadas para que sea un \u00e9xito&#8221;, vaticin\u00f3 Hormaechea.<\/p>\n\n\n\n<p>El Intendente resalt\u00f3 el acompa\u00f1amiento del gobernador Vald\u00e9s: &#8220;Es un apasionado de la pesca, el primero que se inscribe y vive plenamente cada instante de la fiesta&#8221;.<\/p>\n\n\n\n<h2 class=\"wp-block-heading\">C\u00f3mo sigue<\/h2>\n\n\n\n<p>Al cierre de esta edici\u00f3n se realizaba la elecci\u00f3n de reina y princesas con la conducci\u00f3n de Pampita Ardohain. Tras la coronaci\u00f3n de la nueva soberana, que reemplazar\u00e1 a Mariana Pitt\u00f3n Canaparro, se espera la presentaci\u00f3n de Lit Killah.<\/p>\n\n\n\n<h2 class=\"wp-block-heading\">Un legado<\/h2>\n\n\n\n<figure class=\"wp-block-image\"><img decoding=\"async\" src=\"https:\/\/www.diarioepoca.com\/content\/bucket\/9\/1293849w380h229c.jpg.webp\" alt=\"\"\/><\/figure>\n\n\n\n<p>En un emotivo encuentro en la carpa de prensa, que lleva su nombre, familiares de David El\u00edseo Espinoza Melero hicieron entrega de archivos memorables que lo relacionan con los inicios de la 46\u00aa Fiesta Nacional del Surub\u00ed.<\/p>\n\n\n\n<p>La pasi\u00f3n, dedicaci\u00f3n y amor de David Eliseo fueron esenciales para el crecimiento del Mundial de Pesca.<\/p>\n\n\n\n<p>El material que hasta ayer era una riqueza familiar pas\u00f3 a ser parte de la historia de la tan querida Fiesta del Surub\u00ed para quien nos dej\u00f3 a fines de 2021.<\/p>\n\n\n\n<p>Durante d\u00e9cadas, mientras a\u00f1o a a\u00f1o cumpl\u00eda sus funciones como responsable del \u00e1rea de prensa de la Comupe, David fue guardando y cuidando todo el archivo de documentos relacionado con la fiesta.<\/p>\n\n\n\n<p>Fotos, notas, panfletos\u2026 todo forma parte del material entregado por la familia Espinoza Melero a Alejandro Medina, titular de prensa de la COMUPE.<\/p>\n\n\n\n<p>Del emotivo acto particip\u00f3 el periodista reconquistense Hugo Mansur, colega y amigo del extinto periodista goyano.<\/p>\n","protected":false},"excerpt":{"rendered":"<p>El Mundial de Pesca se vive a pleno. Hoy se realizar\u00e1 la largada de lanchas. Ya consagrada popularmente como El Mundial de Pesca, la Fiesta del Surub\u00ed de Goya brinda&hellip; <\/p>\n","protected":false},"author":3,"featured_media":57464,"comment_status":"closed","ping_status":"open","sticky":false,"template":"","format":"standard","meta":{"footnotes":""},"categories":[1],"tags":[],"class_list":["post-57463","post","type-post","status-publish","format-standard","has-post-thumbnail","hentry","category-informacion-general"],"_links":{"self":[{"href":"https:\/\/corrientesdetarde.com\/index.php\/wp-json\/wp\/v2\/posts\/57463","targetHints":{"allow":["GET"]}}],"collection":[{"href":"https:\/\/corrientesdetarde.com\/index.php\/wp-json\/wp\/v2\/posts"}],"about":[{"href":"https:\/\/corrientesdetarde.com\/index.php\/wp-json\/wp\/v2\/types\/post"}],"author":[{"embeddable":true,"href":"https:\/\/corrientesdetarde.com\/index.php\/wp-json\/wp\/v2\/users\/3"}],"replies":[{"embeddable":true,"href":"https:\/\/corrientesdetarde.com\/index.php\/wp-json\/wp\/v2\/comments?post=57463"}],"version-history":[{"count":1,"href":"https:\/\/corrientesdetarde.com\/index.php\/wp-json\/wp\/v2\/posts\/57463\/revisions"}],"predecessor-version":[{"id":57465,"href":"https:\/\/corrientesdetarde.com\/index.php\/wp-json\/wp\/v2\/posts\/57463\/revisions\/57465"}],"wp:featuredmedia":[{"embeddable":true,"href":"https:\/\/corrientesdetarde.com\/index.php\/wp-json\/wp\/v2\/media\/57464"}],"wp:attachment":[{"href":"https:\/\/corrientesdetarde.com\/index.php\/wp-json\/wp\/v2\/media?parent=57463"}],"wp:term":[{"taxonomy":"category","embeddable":true,"href":"https:\/\/corrientesdetarde.com\/index.php\/wp-json\/wp\/v2\/categories?post=57463"},{"taxonomy":"post_tag","embeddable":true,"href":"https:\/\/corrientesdetarde.com\/index.php\/wp-json\/wp\/v2\/tags?post=57463"}],"curies":[{"name":"wp","href":"https:\/\/api.w.org\/{rel}","templated":true}]}}