{"id":58108,"date":"2023-05-02T15:19:00","date_gmt":"2023-05-02T18:19:00","guid":{"rendered":"https:\/\/corrientesdetarde.com\/?p=58108"},"modified":"2023-05-02T15:19:23","modified_gmt":"2023-05-02T18:19:23","slug":"finalizo-curso-de-lengua-de-senas-en-saladas","status":"publish","type":"post","link":"https:\/\/corrientesdetarde.com\/index.php\/sociales\/finalizo-curso-de-lengua-de-senas-en-saladas\/","title":{"rendered":"Finaliz\u00f3 Curso de Lengua de Se\u00f1as en Saladas"},"content":{"rendered":"\n<p>Organizado por el Ministerio de Desarrollo Social a trav\u00e9s del Consejo Provincial de Discapacidad (COPRODIS), finaliz\u00f3 este viernes el Curso de Lengua de Se\u00f1as que se llev\u00f3 adelante en Saladas, m\u00e1s exactamente en el Centro Cultural, ubicado en 25 de mayo y Sargento Cabral. El mismo cont\u00f3 con un nutrido auditorio y se desarroll\u00f3 en varios encuentros.<\/p>\n\n\n\n<p>Las clases fueron dictadas por la profesora Elizabeth&nbsp;Canteros, la T\u00e9cnica Yamila Sclippa y Fernando G\u00f3mez,&nbsp;del COPRODIS, cuya directora es Roxana Tannuri. Estos talleres son fundamentales para&nbsp;la inclusi\u00f3n, siendo una&nbsp;herramienta para derribar fronteras comunicacionales.<\/p>\n\n\n\n<p>Se cont\u00f3 con el acompa\u00f1amiento del intendente de Saladas, Noel G\u00f3mez; y su directora de Discapacidad, Nancy Pujol. Entre el auditorio se cont\u00f3 con docentes, personas sordas, familiares y p\u00fablico en general.<\/p>\n\n\n\n<p>El curso tuvo una duraci\u00f3n de dos meses y culmin\u00f3 con un examen, previo a la entrega de\u00a0certificados que ser\u00e1 en las pr\u00f3ximas semanas.<\/p>\n\n\n\n<figure class=\"wp-block-image size-large\"><img loading=\"lazy\" decoding=\"async\" width=\"1024\" height=\"576\" src=\"https:\/\/corrientesdetarde.com\/wp-content\/uploads\/2023\/05\/image-37-1024x576.png\" alt=\"\" class=\"wp-image-58110\" srcset=\"https:\/\/corrientesdetarde.com\/wp-content\/uploads\/2023\/05\/image-37-1024x576.png 1024w, https:\/\/corrientesdetarde.com\/wp-content\/uploads\/2023\/05\/image-37-300x169.png 300w, https:\/\/corrientesdetarde.com\/wp-content\/uploads\/2023\/05\/image-37-768x432.png 768w, https:\/\/corrientesdetarde.com\/wp-content\/uploads\/2023\/05\/image-37.png 1080w\" sizes=\"auto, (max-width: 1024px) 100vw, 1024px\" \/><\/figure>\n\n\n\n<figure class=\"wp-block-image size-large\"><img loading=\"lazy\" decoding=\"async\" width=\"1024\" height=\"683\" src=\"https:\/\/corrientesdetarde.com\/wp-content\/uploads\/2023\/05\/image-38-1024x683.png\" alt=\"\" class=\"wp-image-58111\" srcset=\"https:\/\/corrientesdetarde.com\/wp-content\/uploads\/2023\/05\/image-38-1024x683.png 1024w, https:\/\/corrientesdetarde.com\/wp-content\/uploads\/2023\/05\/image-38-300x200.png 300w, https:\/\/corrientesdetarde.com\/wp-content\/uploads\/2023\/05\/image-38-768x512.png 768w, https:\/\/corrientesdetarde.com\/wp-content\/uploads\/2023\/05\/image-38-272x182.png 272w, https:\/\/corrientesdetarde.com\/wp-content\/uploads\/2023\/05\/image-38.png 1080w\" sizes=\"auto, (max-width: 1024px) 100vw, 1024px\" \/><\/figure>\n","protected":false},"excerpt":{"rendered":"<p>Organizado por el Ministerio de Desarrollo Social a trav\u00e9s del Consejo Provincial de Discapacidad (COPRODIS), finaliz\u00f3 este viernes el Curso de Lengua de Se\u00f1as que se llev\u00f3 adelante en Saladas,&hellip; <\/p>\n","protected":false},"author":8,"featured_media":58109,"comment_status":"closed","ping_status":"open","sticky":false,"template":"","format":"standard","meta":{"footnotes":""},"categories":[17],"tags":[],"class_list":["post-58108","post","type-post","status-publish","format-standard","has-post-thumbnail","hentry","category-sociales"],"_links":{"self":[{"href":"https:\/\/corrientesdetarde.com\/index.php\/wp-json\/wp\/v2\/posts\/58108","targetHints":{"allow":["GET"]}}],"collection":[{"href":"https:\/\/corrientesdetarde.com\/index.php\/wp-json\/wp\/v2\/posts"}],"about":[{"href":"https:\/\/corrientesdetarde.com\/index.php\/wp-json\/wp\/v2\/types\/post"}],"author":[{"embeddable":true,"href":"https:\/\/corrientesdetarde.com\/index.php\/wp-json\/wp\/v2\/users\/8"}],"replies":[{"embeddable":true,"href":"https:\/\/corrientesdetarde.com\/index.php\/wp-json\/wp\/v2\/comments?post=58108"}],"version-history":[{"count":1,"href":"https:\/\/corrientesdetarde.com\/index.php\/wp-json\/wp\/v2\/posts\/58108\/revisions"}],"predecessor-version":[{"id":58112,"href":"https:\/\/corrientesdetarde.com\/index.php\/wp-json\/wp\/v2\/posts\/58108\/revisions\/58112"}],"wp:featuredmedia":[{"embeddable":true,"href":"https:\/\/corrientesdetarde.com\/index.php\/wp-json\/wp\/v2\/media\/58109"}],"wp:attachment":[{"href":"https:\/\/corrientesdetarde.com\/index.php\/wp-json\/wp\/v2\/media?parent=58108"}],"wp:term":[{"taxonomy":"category","embeddable":true,"href":"https:\/\/corrientesdetarde.com\/index.php\/wp-json\/wp\/v2\/categories?post=58108"},{"taxonomy":"post_tag","embeddable":true,"href":"https:\/\/corrientesdetarde.com\/index.php\/wp-json\/wp\/v2\/tags?post=58108"}],"curies":[{"name":"wp","href":"https:\/\/api.w.org\/{rel}","templated":true}]}}