{"id":58113,"date":"2023-05-02T15:24:59","date_gmt":"2023-05-02T18:24:59","guid":{"rendered":"https:\/\/corrientesdetarde.com\/?p=58113"},"modified":"2023-05-02T15:25:21","modified_gmt":"2023-05-02T18:25:21","slug":"el-medico-de-jorge-rial-aseguro-que-el-conductor-mejoro-sera-trasladado-a-la-argentina-en-un-avion-sanitario","status":"publish","type":"post","link":"https:\/\/corrientesdetarde.com\/index.php\/espectaculos\/el-medico-de-jorge-rial-aseguro-que-el-conductor-mejoro-sera-trasladado-a-la-argentina-en-un-avion-sanitario\/","title":{"rendered":"El m\u00e9dico de Jorge Rial asegur\u00f3 que el conductor mejor\u00f3: ser\u00e1 trasladado a la Argentina en un avi\u00f3n sanitario"},"content":{"rendered":"\n<p>Guillermo Capuya viaj\u00f3 a Bogot\u00e1 para seguir de cerca la recuperaci\u00f3n del periodista. En una entrevista cont\u00f3 que eval\u00faan el momento oportuno para traerlo de vuelta al pa\u00eds.<\/p>\n\n\n\n<p>Jorge Rial evoluciona favorablemente luego del ataque card\u00edaco que sufri\u00f3 este fin de semana en Colombia, mientras estaba de vacaciones. Despu\u00e9s de la operaci\u00f3n, en la que le colocaron un stent, su m\u00e9dico personal, Guillermo Capulle  viaj\u00f3 a Bogot\u00e1 para acompa\u00f1arlo y seguir su evoluci\u00f3n.<\/p>\n\n\n\n<p>Este martes, al aire de\u00a0<em>Ma\u00f1ana Sylvestre\u00a0<\/em>(<em>Radio 10<\/em>), el m\u00e9dico habl\u00f3 del estado de salud del periodista y dio detalles de\u00a0<strong>c\u00f3mo ser\u00eda el traslado a la Argentina<\/strong>.<\/p>\n\n\n\n<p>\u201cEst\u00e1bamos muy preocupados, porque \u00e9l estaba ac\u00e1 en Bogot\u00e1 y no sab\u00edamos las condiciones.&nbsp;<strong>Pero la verdad es que \u00e9l est\u00e1 bien y lo est\u00e1n atendiendo muy bien<\/strong>. Es una de las mejores cl\u00ednicas de ac\u00e1 de Colombia\u201d, dijo el m\u00e9dico en referencia a la incertidumbre que vivieron el fin de semana cuando el periodista se descompens\u00f3.<\/p>\n\n\n\n<figure class=\"wp-block-image size-large\"><img loading=\"lazy\" decoding=\"async\" width=\"766\" height=\"1024\" src=\"https:\/\/corrientesdetarde.com\/wp-content\/uploads\/2023\/05\/image-40-766x1024.png\" alt=\"\" class=\"wp-image-58115\" srcset=\"https:\/\/corrientesdetarde.com\/wp-content\/uploads\/2023\/05\/image-40-766x1024.png 766w, https:\/\/corrientesdetarde.com\/wp-content\/uploads\/2023\/05\/image-40-224x300.png 224w, https:\/\/corrientesdetarde.com\/wp-content\/uploads\/2023\/05\/image-40-768x1027.png 768w, https:\/\/corrientesdetarde.com\/wp-content\/uploads\/2023\/05\/image-40-1149x1536.png 1149w, https:\/\/corrientesdetarde.com\/wp-content\/uploads\/2023\/05\/image-40.png 1440w\" sizes=\"auto, (max-width: 766px) 100vw, 766px\" \/><\/figure>\n\n\n\n<p>Acto seguido, Capuya cont\u00f3 que \u00e9l lleg\u00f3 a Colombia en la noche del domingo y que desde entonces est\u00e1 en permanente contacto con el periodista y los especialistas del lugar. \u201cEstoy hablando con \u00e9l y en contacto con la cl\u00ednica para evaluar cu\u00e1l es&nbsp;<strong>el momento oportuno para llevarlo a Buenos Aires<\/strong>. No digo que no se pueda trasladar hoy, pero como dije ayer,&nbsp;<strong>no hay nada m\u00e1s feo que enfermarse cuando uno est\u00e1 en otro pa\u00eds.<\/strong>&nbsp;Por m\u00e1s que ac\u00e1 la atenci\u00f3n es buena, uno quiere estar en su casa, con sus amigos, con sus afectos y en una cl\u00ednica que conozca\u201d, reflexion\u00f3.<\/p>\n\n\n\n<p>En este sentido, revel\u00f3 que ya est\u00e1n preparando todo para que apenas est\u00e9 el visto bueno de los m\u00e9dicos, traerlo de nuevo a la Argentina. \u201c<strong>Estamos arreglando el avi\u00f3n sanitario para el traslado<\/strong>, el cual tambi\u00e9n corresponde con su cobertura m\u00e9dica que tiene para viajes al exterior. En l\u00edneas generales est\u00e1 estabilizado y recuper\u00e1ndose, y&nbsp;<strong>hoy se define el regreso o aproximado<\/strong>&nbsp;que ser\u00e1 seguramente en los pr\u00f3ximos d\u00edas\u201d, cerr\u00f3 Capuya.<\/p>\n\n\n\n<h2 class=\"wp-block-heading\">Morena habl\u00f3 de la salud de Jorge Rial y relat\u00f3 el dram\u00e1tico fin de semana: \u201cPens\u00e9 que mi pap\u00e1 se mor\u00eda\u201d<\/h2>\n\n\n\n<p>Este lunes,\u00a0<strong>Morena Rial<\/strong>\u00a0-que se encuentra en Colombia-, habl\u00f3 con\u00a0<em>LAM\u00a0<\/em>(<em>Am\u00e9rica<\/em>) y relat\u00f3 el dram\u00e1tico fin de semana que vivi\u00f3 tras la descompensaci\u00f3n del periodista. &#8220;Pense que mi pap\u00e1 se moria&#8221; expres\u00f3 angustiada.<\/p>\n\n\n\n<p>Consultada acerca de c\u00f3mo se sucedieron los hechos, Morena explic\u00f3 que estaba almorzando con su hermana cuando ambas recibieron el mismo mensaje de su pap\u00e1. \u201c<strong>Nos dijo que estaba pasando un infarto<\/strong>, pero que no nos preocup\u00e1ramos, que estaba bien\u201d, record\u00f3 la joven y remarc\u00f3 que el conductor se hab\u00eda despertado con un fuerte dolor en el pecho por lo que hab\u00eda ido a la cl\u00ednica en la que lo internaron.<\/p>\n\n\n\n<figure class=\"wp-block-image size-large\"><img loading=\"lazy\" decoding=\"async\" width=\"820\" height=\"1024\" src=\"https:\/\/corrientesdetarde.com\/wp-content\/uploads\/2023\/05\/image-41-820x1024.png\" alt=\"\" class=\"wp-image-58116\" srcset=\"https:\/\/corrientesdetarde.com\/wp-content\/uploads\/2023\/05\/image-41-820x1024.png 820w, https:\/\/corrientesdetarde.com\/wp-content\/uploads\/2023\/05\/image-41-240x300.png 240w, https:\/\/corrientesdetarde.com\/wp-content\/uploads\/2023\/05\/image-41-768x959.png 768w, https:\/\/corrientesdetarde.com\/wp-content\/uploads\/2023\/05\/image-41-1229x1536.png 1229w, https:\/\/corrientesdetarde.com\/wp-content\/uploads\/2023\/05\/image-41.png 1440w\" sizes=\"auto, (max-width: 820px) 100vw, 820px\" \/><\/figure>\n\n\n\n<p>Acto seguido, cont\u00f3 que decidieron viajar cuando les informaron que la salud del periodista se hab\u00eda complicado. \u201cYo estaba por hacer un viaje y mi hermana me llam\u00f3 y me dijo \u2018Morena, tenemos que irnos a Colombia, las cosas empeoraron\u2019. Dram\u00e1tico es poco.&nbsp;<strong>Nosotras dos solo tenemos a nuestro pap\u00e1<\/strong>\u201d.<\/p>\n\n\n\n<p>Con dolor, Morena admiti\u00f3 que fue el peor viaje de su vida: \u201cSubimos al avi\u00f3n y mi pap\u00e1 estaba intubado. No sab\u00edamos qu\u00e9 pod\u00eda pasar. Fueron seis horas de viaje ca\u00f3ticas. Cuando llegamos nos comunicamos, nos dijeron que mi pap\u00e1 se encontraba estable y que iban a tratar de extubarlo. As\u00ed fue\u201d.<\/p>\n\n\n\n<figure class=\"wp-block-image size-large\"><img loading=\"lazy\" decoding=\"async\" width=\"1024\" height=\"1024\" src=\"https:\/\/corrientesdetarde.com\/wp-content\/uploads\/2023\/05\/image-42-1024x1024.png\" alt=\"\" class=\"wp-image-58117\" srcset=\"https:\/\/corrientesdetarde.com\/wp-content\/uploads\/2023\/05\/image-42-1024x1024.png 1024w, https:\/\/corrientesdetarde.com\/wp-content\/uploads\/2023\/05\/image-42-300x300.png 300w, https:\/\/corrientesdetarde.com\/wp-content\/uploads\/2023\/05\/image-42-150x150.png 150w, https:\/\/corrientesdetarde.com\/wp-content\/uploads\/2023\/05\/image-42-768x768.png 768w, https:\/\/corrientesdetarde.com\/wp-content\/uploads\/2023\/05\/image-42-375x375.png 375w, https:\/\/corrientesdetarde.com\/wp-content\/uploads\/2023\/05\/image-42.png 1440w\" sizes=\"auto, (max-width: 1024px) 100vw, 1024px\" \/><\/figure>\n\n\n\n<p><strong>\u201c\u00bfPensaste que se mor\u00eda?<\/strong>\u201d, quiso saber \u00c1ngel de Brito. A lo que ella afirm\u00f3: \u201c<strong>S\u00ed, yo no quer\u00eda subirme al avi\u00f3n porque no sab\u00eda si nos \u00edbamos a enterar de algo terrible\u201d.<\/strong><\/p>\n","protected":false},"excerpt":{"rendered":"<p>Guillermo Capuya viaj\u00f3 a Bogot\u00e1 para seguir de cerca la recuperaci\u00f3n del periodista. En una entrevista cont\u00f3 que eval\u00faan el momento oportuno para traerlo de vuelta al pa\u00eds. Jorge Rial&hellip; <\/p>\n","protected":false},"author":8,"featured_media":58114,"comment_status":"closed","ping_status":"open","sticky":false,"template":"","format":"standard","meta":{"footnotes":""},"categories":[19],"tags":[],"class_list":["post-58113","post","type-post","status-publish","format-standard","has-post-thumbnail","hentry","category-espectaculos"],"_links":{"self":[{"href":"https:\/\/corrientesdetarde.com\/index.php\/wp-json\/wp\/v2\/posts\/58113","targetHints":{"allow":["GET"]}}],"collection":[{"href":"https:\/\/corrientesdetarde.com\/index.php\/wp-json\/wp\/v2\/posts"}],"about":[{"href":"https:\/\/corrientesdetarde.com\/index.php\/wp-json\/wp\/v2\/types\/post"}],"author":[{"embeddable":true,"href":"https:\/\/corrientesdetarde.com\/index.php\/wp-json\/wp\/v2\/users\/8"}],"replies":[{"embeddable":true,"href":"https:\/\/corrientesdetarde.com\/index.php\/wp-json\/wp\/v2\/comments?post=58113"}],"version-history":[{"count":1,"href":"https:\/\/corrientesdetarde.com\/index.php\/wp-json\/wp\/v2\/posts\/58113\/revisions"}],"predecessor-version":[{"id":58118,"href":"https:\/\/corrientesdetarde.com\/index.php\/wp-json\/wp\/v2\/posts\/58113\/revisions\/58118"}],"wp:featuredmedia":[{"embeddable":true,"href":"https:\/\/corrientesdetarde.com\/index.php\/wp-json\/wp\/v2\/media\/58114"}],"wp:attachment":[{"href":"https:\/\/corrientesdetarde.com\/index.php\/wp-json\/wp\/v2\/media?parent=58113"}],"wp:term":[{"taxonomy":"category","embeddable":true,"href":"https:\/\/corrientesdetarde.com\/index.php\/wp-json\/wp\/v2\/categories?post=58113"},{"taxonomy":"post_tag","embeddable":true,"href":"https:\/\/corrientesdetarde.com\/index.php\/wp-json\/wp\/v2\/tags?post=58113"}],"curies":[{"name":"wp","href":"https:\/\/api.w.org\/{rel}","templated":true}]}}