{"id":58119,"date":"2023-05-02T15:30:03","date_gmt":"2023-05-02T18:30:03","guid":{"rendered":"https:\/\/corrientesdetarde.com\/?p=58119"},"modified":"2023-05-02T15:33:58","modified_gmt":"2023-05-02T18:33:58","slug":"en-medio-de-un-acto-gildo-insfran-arremetio-contra-los-portenos-son-unos-reverendos-hijos-de-su-madre","status":"publish","type":"post","link":"https:\/\/corrientesdetarde.com\/index.php\/politica\/en-medio-de-un-acto-gildo-insfran-arremetio-contra-los-portenos-son-unos-reverendos-hijos-de-su-madre\/","title":{"rendered":"En medio de un acto, Gildo Insfr\u00e1n arremeti\u00f3 contra los porte\u00f1os: \u201cSon unos reverendos hijos de su madre\u201d"},"content":{"rendered":"\n<p>Para criticar al candidato opositor, el gobernador de Formosa apunt\u00f3 contra los habitantes de la Ciudad de Buenos Aires y asegur\u00f3 que \u201cnunca se preocuparon por el interior del pa\u00eds\u201d.<\/p>\n\n\n\n<p>El gobernador de Formosa, Gildo Insfr\u00e1n lanz\u00f3 una pol\u00e9mica frase contra los porte\u00f1os cuando participaba de un acto en una escuela de la comunidad originaria de Mar\u00eda Cristina, en el oeste de la provincia.<\/p>\n\n\n\n<p>En su cr\u00edtica al candidato de la oposici\u00f3n, Francisco Poltroni, expres\u00f3: \u201cVienen en nombre de los porte\u00f1os y<strong>&nbsp;los porte\u00f1os son unos reverendos hijos de su madre\u201d.<\/strong><\/p>\n\n\n\n<p>En ese contexto, insisti\u00f3: \u201cSiempre est\u00e1n mirando a Europa y eso es lo que ellos van a ense\u00f1ar en las escuelas.&nbsp;<strong>Nunca se preocuparon por el interior del pa\u00eds, como ahora\u201d.<\/strong><\/p>\n\n\n\n<p>\u201c\u00bfQu\u00e9 es lo que pasa con nuestra Argentina? Los porte\u00f1os vienen de all\u00e1 y se sacan fotos,&nbsp;<strong>vienen y encuentra pobreza aqu\u00ed. \u00bfPara qu\u00e9 vienen tan lejos?<\/strong>\u201d, cuestion\u00f3 el funcionario local.<\/p>\n\n\n\n<p>Y enfatiz\u00f3: \u201cTe cuentan la historia de Mitre, pero si leen la historia revisionista se van a dar cuenta que a los porte\u00f1os&nbsp;<strong>nunca les interes\u00f3 el pa\u00eds.<\/strong>&nbsp;Esta Argentina se hizo desde el norte. Las provincias del norte hicieron la Argentina\u201d.<\/p>\n\n\n\n<figure class=\"wp-block-image size-large\"><img loading=\"lazy\" decoding=\"async\" width=\"1024\" height=\"576\" src=\"https:\/\/corrientesdetarde.com\/wp-content\/uploads\/2023\/05\/image-44-1024x576.png\" alt=\"\" class=\"wp-image-58121\" srcset=\"https:\/\/corrientesdetarde.com\/wp-content\/uploads\/2023\/05\/image-44-1024x576.png 1024w, https:\/\/corrientesdetarde.com\/wp-content\/uploads\/2023\/05\/image-44-300x169.png 300w, https:\/\/corrientesdetarde.com\/wp-content\/uploads\/2023\/05\/image-44-768x432.png 768w, https:\/\/corrientesdetarde.com\/wp-content\/uploads\/2023\/05\/image-44.png 1440w\" sizes=\"auto, (max-width: 1024px) 100vw, 1024px\" \/><\/figure>\n\n\n\n<p>A su vez, sostuvo: \u201c<strong>No estamos aqu\u00ed por los votos<\/strong>, si hubiese sido por los votos no hubi\u00e9ramos venido. La cantidad de votantes de ac\u00e1&#8230;Hubi\u00e9semos estado en un barrio de la ciudad, c\u00f3modamente recorriendo, en cambio estamos con ustedes porque a nosotros nos eligieron todos los formose\u00f1os y estamos fundamentalmente para el que m\u00e1s necesita de nosotros\u201d.<\/p>\n\n\n\n<p>En esa l\u00ednea, remarc\u00f3 que su objetivo es que todos tengan las mismas posibilidades: \u201cViva donde viva el formose\u00f1o. Para eso tenemos que crear la igualdad. Para que haya igualdad, tenemos que mejorar las desigualdades.&nbsp;<strong>Mientras existan desigualdades, no va a haber igualdad\u201d<\/strong>.<\/p>\n\n\n\n<p>La respuesta desde la oposici\u00f3n local no tard\u00f3 en llegar. A trav\u00e9s de su cuenta de Twitter, la diputada provincial de Juntos por el Cambio, Gabriela Neme, afirm\u00f3: \u201cImpresentable Gildo Insfr\u00e1n\u00a0<strong>generando el odio contra los porte\u00f1os.<\/strong>\u00a0Vive yendo a CABA a atender su salud y contrata m\u00e9dicos de CABA pag\u00e1ndole millones para el hospital de alta complejidad\u201d.<\/p>\n\n\n\n<figure class=\"wp-block-image size-large\"><img loading=\"lazy\" decoding=\"async\" width=\"1024\" height=\"836\" src=\"https:\/\/corrientesdetarde.com\/wp-content\/uploads\/2023\/05\/image-45-1024x836.png\" alt=\"\" class=\"wp-image-58124\" srcset=\"https:\/\/corrientesdetarde.com\/wp-content\/uploads\/2023\/05\/image-45-1024x836.png 1024w, https:\/\/corrientesdetarde.com\/wp-content\/uploads\/2023\/05\/image-45-300x245.png 300w, https:\/\/corrientesdetarde.com\/wp-content\/uploads\/2023\/05\/image-45-768x627.png 768w, https:\/\/corrientesdetarde.com\/wp-content\/uploads\/2023\/05\/image-45.png 1440w\" sizes=\"auto, (max-width: 1024px) 100vw, 1024px\" \/><\/figure>\n\n\n\n<p><strong>\u201cPat\u00e9tico, cada vez m\u00e1s gaga<\/strong>\u201d, dijo la candidata a intendente por la capital y agreg\u00f3: \u201cGildo claramente odia a los argentinos y ya&nbsp;<strong>lo dice sin ning\u00fan tipo de filtros\u201d.<\/strong><\/p>\n","protected":false},"excerpt":{"rendered":"<p>Para criticar al candidato opositor, el gobernador de Formosa apunt\u00f3 contra los habitantes de la Ciudad de Buenos Aires y asegur\u00f3 que \u201cnunca se preocuparon por el interior del pa\u00eds\u201d.&hellip; <\/p>\n","protected":false},"author":8,"featured_media":58120,"comment_status":"closed","ping_status":"open","sticky":false,"template":"","format":"standard","meta":{"footnotes":""},"categories":[3],"tags":[],"class_list":["post-58119","post","type-post","status-publish","format-standard","has-post-thumbnail","hentry","category-politica"],"_links":{"self":[{"href":"https:\/\/corrientesdetarde.com\/index.php\/wp-json\/wp\/v2\/posts\/58119","targetHints":{"allow":["GET"]}}],"collection":[{"href":"https:\/\/corrientesdetarde.com\/index.php\/wp-json\/wp\/v2\/posts"}],"about":[{"href":"https:\/\/corrientesdetarde.com\/index.php\/wp-json\/wp\/v2\/types\/post"}],"author":[{"embeddable":true,"href":"https:\/\/corrientesdetarde.com\/index.php\/wp-json\/wp\/v2\/users\/8"}],"replies":[{"embeddable":true,"href":"https:\/\/corrientesdetarde.com\/index.php\/wp-json\/wp\/v2\/comments?post=58119"}],"version-history":[{"count":2,"href":"https:\/\/corrientesdetarde.com\/index.php\/wp-json\/wp\/v2\/posts\/58119\/revisions"}],"predecessor-version":[{"id":58126,"href":"https:\/\/corrientesdetarde.com\/index.php\/wp-json\/wp\/v2\/posts\/58119\/revisions\/58126"}],"wp:featuredmedia":[{"embeddable":true,"href":"https:\/\/corrientesdetarde.com\/index.php\/wp-json\/wp\/v2\/media\/58120"}],"wp:attachment":[{"href":"https:\/\/corrientesdetarde.com\/index.php\/wp-json\/wp\/v2\/media?parent=58119"}],"wp:term":[{"taxonomy":"category","embeddable":true,"href":"https:\/\/corrientesdetarde.com\/index.php\/wp-json\/wp\/v2\/categories?post=58119"},{"taxonomy":"post_tag","embeddable":true,"href":"https:\/\/corrientesdetarde.com\/index.php\/wp-json\/wp\/v2\/tags?post=58119"}],"curies":[{"name":"wp","href":"https:\/\/api.w.org\/{rel}","templated":true}]}}