{"id":58127,"date":"2023-05-02T15:49:04","date_gmt":"2023-05-02T18:49:04","guid":{"rendered":"https:\/\/corrientesdetarde.com\/?p=58127"},"modified":"2023-05-02T15:57:07","modified_gmt":"2023-05-02T18:57:07","slug":"mesas-de-300-000-dolares-e-invitados-digitados-por-anna-wintour-todos-los-secretos-de-la-met-gala-2023","status":"publish","type":"post","link":"https:\/\/corrientesdetarde.com\/index.php\/tendencias\/mesas-de-300-000-dolares-e-invitados-digitados-por-anna-wintour-todos-los-secretos-de-la-met-gala-2023\/","title":{"rendered":"Mesas de 300.000 d\u00f3lares e invitados digitados por Anna Wintour: todos los secretos de la Met Gala 2023"},"content":{"rendered":"\n<p>El megaevento de la moda se hace una vez al a\u00f1o y esta vez estuvo dedicado a Karl Lagerfeld.<\/p>\n\n\n\n<p>La fiesta de la moda del a\u00f1o fue un \u00e9xito. Los famosos celebraron al rey de la alta costura&nbsp;<strong>Karl Lagerfeld<\/strong>&nbsp;en la cita anual de la&nbsp;Met Gala al exhibir en la alfombra roja una serie de espectaculares dise\u00f1os de su ilustre carrera.<\/p>\n\n\n\n<p>Las ganadoras del Oscar\u00a0<strong>Penelope Cruz<\/strong>\u00a0y Nicole Kidman, las cantantes<strong>\u00a0Dua Lipa<\/strong>\u00a0y Rita Ora, la leyenda del tenis Roger Federer, as\u00ed como las supermodelos Gisele Bundchen y\u00a0<strong>Kate Moss<\/strong>\u00a0fueron solo algunos de los cientos de invitados al Metropolitan Museum of Art (MET) para el glamoroso evento.<\/p>\n\n\n\n<figure class=\"wp-block-image size-large\"><img loading=\"lazy\" decoding=\"async\" width=\"706\" height=\"1024\" src=\"https:\/\/corrientesdetarde.com\/wp-content\/uploads\/2023\/05\/image-47-706x1024.png\" alt=\"\" class=\"wp-image-58130\" srcset=\"https:\/\/corrientesdetarde.com\/wp-content\/uploads\/2023\/05\/image-47-706x1024.png 706w, https:\/\/corrientesdetarde.com\/wp-content\/uploads\/2023\/05\/image-47-207x300.png 207w, https:\/\/corrientesdetarde.com\/wp-content\/uploads\/2023\/05\/image-47-768x1114.png 768w, https:\/\/corrientesdetarde.com\/wp-content\/uploads\/2023\/05\/image-47-1059x1536.png 1059w, https:\/\/corrientesdetarde.com\/wp-content\/uploads\/2023\/05\/image-47-1412x2048.png 1412w, https:\/\/corrientesdetarde.com\/wp-content\/uploads\/2023\/05\/image-47.png 1440w\" sizes=\"auto, (max-width: 706px) 100vw, 706px\" \/><\/figure>\n\n\n\n<p>La lista de invitados, que re\u00fane a la&nbsp;<strong>\u00e9lite de la moda, el cine, la pol\u00edtica y los deportes<\/strong>&nbsp;-junto a un creciente n\u00famero de influenciadores de internet- es&nbsp;<strong>cuidadosamente elaborada por Anna Wintour<\/strong>, editora jefe de la revista Vogue, quien se hizo cargo de la gala ben\u00e9fica en la d\u00e9cada de los noventa y la transform\u00f3 en el acontecimiento social m\u00e1s codiciado.<\/p>\n\n\n\n<p>Este a\u00f1o, la fiesta, que siempre se celebra el primer lunes de mayo &#8211;salvo en los a\u00f1os de la pandemia&#8211;, se inaugur\u00f3 a modo de pre\u00e1mbulo con una exposici\u00f3n del\u00a0<strong>Costume Institute<\/strong>\u00a0(Instituto del Traje) dedicada al emblem\u00e1tico dise\u00f1ador Karl Lagerfeld, fallecido en 2019.<\/p>\n\n\n\n<figure class=\"wp-block-image size-large\"><img loading=\"lazy\" decoding=\"async\" width=\"683\" height=\"1024\" src=\"https:\/\/corrientesdetarde.com\/wp-content\/uploads\/2023\/05\/image-48-683x1024.png\" alt=\"\" class=\"wp-image-58132\" srcset=\"https:\/\/corrientesdetarde.com\/wp-content\/uploads\/2023\/05\/image-48-683x1024.png 683w, https:\/\/corrientesdetarde.com\/wp-content\/uploads\/2023\/05\/image-48-200x300.png 200w, https:\/\/corrientesdetarde.com\/wp-content\/uploads\/2023\/05\/image-48-768x1152.png 768w, https:\/\/corrientesdetarde.com\/wp-content\/uploads\/2023\/05\/image-48-1024x1536.png 1024w, https:\/\/corrientesdetarde.com\/wp-content\/uploads\/2023\/05\/image-48-1365x2048.png 1365w, https:\/\/corrientesdetarde.com\/wp-content\/uploads\/2023\/05\/image-48.png 1440w\" sizes=\"auto, (max-width: 683px) 100vw, 683px\" \/><\/figure>\n\n\n\n<p>\u201cKarl Lagerfeld: A Line of Beauty (Karl Lagerfeld, una l\u00ednea de belleza)\u201d pretende rendir&nbsp;<strong>homenaje a sus a\u00f1os en la industria al frente de Chanel, Fendi, Chloe<\/strong>&nbsp;y su propia marca, al tiempo que cincel\u00f3 el futuro de la moda.<\/p>\n\n\n\n<h2 class=\"wp-block-heading\">Las invitadas en la red carpet<\/h2>\n\n\n\n<p>Las estrellas de la gala comprenden el estilo para el evento, la mayor\u00eda\u00a0<strong>vestidos con dise\u00f1os de \u00e9poca<\/strong>\u00a0del elegante modisto alem\u00e1n conocido por sus\u00a0<strong>trajes negros, su colita blanca, sus gafas oscuras y sus mitones\u00a0<\/strong>tambi\u00e9n negros.<\/p>\n\n\n\n<p><strong>Nicole Kidman<\/strong>&nbsp;visti\u00f3 un vestido rosa de Chanel que ca\u00eda al suelo en una cascada de plumas y que la actriz visti\u00f3 por primera vez en un anuncio para la ic\u00f3nica marca de perfume hace cerca de 20 a\u00f1os. \u201cEstoy tan contenta de que todav\u00eda pueda usarlo\u201d , dijo a la AFP en la alfombra roja.<\/p>\n\n\n\n<p>Por su parte, la cantante\u00a0<strong>Dua Lipa<\/strong>\u00a0luci\u00f3 un\u00a0<strong>vestido de novia color crema dise\u00f1ado por Lagerfeld para Chane<\/strong>l en la d\u00e9cada de 1990, marcado con puntadas negras y con un impresionante<strong>\u00a0collar de diamantes de Tiffany<\/strong>, que la cantante dijo fue tomado de la b\u00f3veda misma de la joyer\u00eda.<\/p>\n\n\n\n<p>La actriz\u00a0<strong>Olivia Wilde\u00a0<\/strong>visti\u00f3 otra pieza de archivo, un vestido \u201cviol\u00edn\u201d de Chloe dise\u00f1ado por Lagerfeld en la d\u00e9cada de 1980.<\/p>\n\n\n\n<p>Casi todos los presentes vistieron de&nbsp;<strong>negro, blanco y crema<\/strong>. Los corpi\u00f1os estructurados definitivamente fueron tendencia.<\/p>\n\n\n\n<h2 class=\"wp-block-heading\">Karl Lagerfeld pol\u00e9mico<\/h2>\n\n\n\n<p>Lagerfeld no est\u00e1 exento de pol\u00e9mica. Pese a su lucha permanente contra la balanza,&nbsp;<strong>criticaba a las mujeres con curvas<\/strong>. En sus \u00faltimos a\u00f1os de vida, desde\u00f1\u00f3 al movimiento #MeToo y a aquellas que osaron denunciar haber sido v\u00edctimas de acoso sexual.<\/p>\n\n\n\n<p>\u201cEl show se centra en Karl el dise\u00f1ador, su trabajo y no en sus declaraciones\u201d, dice el curador de la muestra Andrew Bolton. \u201cNo hemos incluido ninguno de sus comentarios m\u00e1s pol\u00e9micos u ofensivos\u201d.<\/p>\n\n\n\n<p>El protagonista de la noche fue Lagerfeld, sus fans y sus famosos amigos.&nbsp;<strong>Carla Bruni<\/strong>, exmodelo, cantante y exprimera dama de Francia estuvo en la presentaci\u00f3n a la prensa de la exposici\u00f3n sobre el modisto. \u201cEs un honor estar aqu\u00ed para celebrar la&nbsp;<strong>extraordinaria carrera<\/strong>&nbsp;de mi querido amigo\u201d, dijo a la AFP. Adem\u00e1s de su \u201cinmenso talento\u201d, \u201cpoder creativo\u201d y \u201cencanto cautivador\u201d, Bruni destac\u00f3 por encima de todo su \u201camabilidad\u201d.<\/p>\n\n\n\n<p>La&nbsp;<strong>lista de invitados fue el secreto mejor guardado de los organizadores<\/strong>, aunque se calcula que asistieron en torno a 400 personas. Este a\u00f1o las actrices&nbsp;<strong>Pen\u00e9lope Cruz<\/strong>&nbsp;y Michaela Coel, la leyenda del tenis Roger Federer y la cantante pop Dua Lipa fueron invitados para copresidir la gala.<\/p>\n\n\n\n<p>La asistencia a la Met Gala se da solo por invitaci\u00f3n y un<strong>&nbsp;pago previo de 50.000 d\u00f3lares<\/strong>, y la reserva de una mesa cuesta<strong>&nbsp;300.000<\/strong>. La recaudaci\u00f3n de la gala financia el Costume Institute.<\/p>\n","protected":false},"excerpt":{"rendered":"<p>El megaevento de la moda se hace una vez al a\u00f1o y esta vez estuvo dedicado a Karl Lagerfeld. La fiesta de la moda del a\u00f1o fue un \u00e9xito. Los&hellip; <\/p>\n","protected":false},"author":8,"featured_media":58128,"comment_status":"closed","ping_status":"open","sticky":false,"template":"","format":"standard","meta":{"footnotes":""},"categories":[28],"tags":[],"class_list":["post-58127","post","type-post","status-publish","format-standard","has-post-thumbnail","hentry","category-tendencias"],"_links":{"self":[{"href":"https:\/\/corrientesdetarde.com\/index.php\/wp-json\/wp\/v2\/posts\/58127","targetHints":{"allow":["GET"]}}],"collection":[{"href":"https:\/\/corrientesdetarde.com\/index.php\/wp-json\/wp\/v2\/posts"}],"about":[{"href":"https:\/\/corrientesdetarde.com\/index.php\/wp-json\/wp\/v2\/types\/post"}],"author":[{"embeddable":true,"href":"https:\/\/corrientesdetarde.com\/index.php\/wp-json\/wp\/v2\/users\/8"}],"replies":[{"embeddable":true,"href":"https:\/\/corrientesdetarde.com\/index.php\/wp-json\/wp\/v2\/comments?post=58127"}],"version-history":[{"count":2,"href":"https:\/\/corrientesdetarde.com\/index.php\/wp-json\/wp\/v2\/posts\/58127\/revisions"}],"predecessor-version":[{"id":58133,"href":"https:\/\/corrientesdetarde.com\/index.php\/wp-json\/wp\/v2\/posts\/58127\/revisions\/58133"}],"wp:featuredmedia":[{"embeddable":true,"href":"https:\/\/corrientesdetarde.com\/index.php\/wp-json\/wp\/v2\/media\/58128"}],"wp:attachment":[{"href":"https:\/\/corrientesdetarde.com\/index.php\/wp-json\/wp\/v2\/media?parent=58127"}],"wp:term":[{"taxonomy":"category","embeddable":true,"href":"https:\/\/corrientesdetarde.com\/index.php\/wp-json\/wp\/v2\/categories?post=58127"},{"taxonomy":"post_tag","embeddable":true,"href":"https:\/\/corrientesdetarde.com\/index.php\/wp-json\/wp\/v2\/tags?post=58127"}],"curies":[{"name":"wp","href":"https:\/\/api.w.org\/{rel}","templated":true}]}}