{"id":58173,"date":"2023-05-02T20:38:04","date_gmt":"2023-05-02T23:38:04","guid":{"rendered":"https:\/\/corrientesdetarde.com\/?p=58173"},"modified":"2023-05-02T20:38:25","modified_gmt":"2023-05-02T23:38:25","slug":"depredacion-la-fiscalia-ambiental-de-mercedes-investigara-el-video","status":"publish","type":"post","link":"https:\/\/corrientesdetarde.com\/index.php\/medio-ambiente\/depredacion-la-fiscalia-ambiental-de-mercedes-investigara-el-video\/","title":{"rendered":"depredaci\u00f3n: La Fiscal\u00eda Ambiental de Mercedes investigar\u00e1 el video"},"content":{"rendered":"\n<p>El director de recursos naturales, expres\u00f3: &#8220;lo vi el fin de semana al video, mandamos al departamento legal, tratamos de identificar a las personas, el lugar, el contexto y en base a eso elevamos a la fiscal\u00eda ambiental de Mercedes todo lo que recopilamos&#8221;.<\/p>\n\n\n\n<p>A su vez, Agust\u00edn Portela, describi\u00f3: &#8220;es una zona aguas abajo cerca de Santa Fe, no es en Corrientes, tenemos bastante pesca furtiva, es una zona que cuidamos bastante, pero evidentemente necesitamos muchas m\u00e1s presencia y responsabilidad de los pescadores&#8221;.<\/p>\n\n\n\n<figure class=\"wp-block-image\"><img decoding=\"async\" src=\"https:\/\/www.radiodos.com.ar\/content\/bucket\/1\/195391h720.jpg.webp\" alt=\"WhatsApp Image 2023-05-02 at 10.38.57 (1).jpeg copy\"\/><\/figure>\n\n\n\n<figure class=\"wp-block-image\"><img decoding=\"async\" src=\"https:\/\/www.radiodos.com.ar\/content\/bucket\/2\/195392h720.jpg.webp\" alt=\"WhatsApp Image 2023-05-02 at 10.38.57.jpeg copy\"\/><\/figure>\n\n\n\n<p>Asimismo, el director de recursos naturales, indic\u00f3: &#8220;en Santa Fe y Paraguay no hay sanciones hacia pescadores por eso la gente se relaja y tiene cierto grado de impunidad por la falta de controles&#8221;.<\/p>\n\n\n\n<p>Al mismo tiempo, Agust\u00edn Portela, sostuvo: &#8220;no va a haber impunidad ac\u00e1, la barra pesquera tiene que ser sancionada, la fiscal\u00eda de Mercedes los va a citar seguramente y si vienen a participar a Corrientes, no van a poder presentarse&#8221;.<\/p>\n\n\n\n<figure class=\"wp-block-embed is-type-rich is-provider-twitter wp-block-embed-twitter\"><div class=\"wp-block-embed__wrapper\">\n<blockquote class=\"twitter-tweet\" data-width=\"550\" data-dnt=\"true\"><p lang=\"es\" dir=\"ltr\">Mientras muchos se esfuerzan por cuidar a la Fauna de nuestros r\u00edos, otros se encargan de arruinarla. <br>Ocurrio en Goya, mas de 15 surubies aparecen en el video.<br>El de la imagen es Alexis Fisher de la barra pesquera Surub\u00ed Chamarritero <a href=\"https:\/\/t.co\/6w6a5lvrkL\">pic.twitter.com\/6w6a5lvrkL<\/a><\/p>&mdash; Nico Duarte (@soynicoduarte) <a href=\"https:\/\/twitter.com\/soynicoduarte\/status\/1653205789513744386?ref_src=twsrc%5Etfw\">May 2, 2023<\/a><\/blockquote><script async src=\"https:\/\/platform.twitter.com\/widgets.js\" charset=\"utf-8\"><\/script>\n<\/div><\/figure>\n","protected":false},"excerpt":{"rendered":"<p>El director de recursos naturales, expres\u00f3: &#8220;lo vi el fin de semana al video, mandamos al departamento legal, tratamos de identificar a las personas, el lugar, el contexto y en&hellip; <\/p>\n","protected":false},"author":1,"featured_media":58189,"comment_status":"closed","ping_status":"open","sticky":false,"template":"","format":"standard","meta":{"footnotes":""},"categories":[6,33],"tags":[],"class_list":["post-58173","post","type-post","status-publish","format-standard","has-post-thumbnail","hentry","category-medio-ambiente","category-policiales"],"_links":{"self":[{"href":"https:\/\/corrientesdetarde.com\/index.php\/wp-json\/wp\/v2\/posts\/58173","targetHints":{"allow":["GET"]}}],"collection":[{"href":"https:\/\/corrientesdetarde.com\/index.php\/wp-json\/wp\/v2\/posts"}],"about":[{"href":"https:\/\/corrientesdetarde.com\/index.php\/wp-json\/wp\/v2\/types\/post"}],"author":[{"embeddable":true,"href":"https:\/\/corrientesdetarde.com\/index.php\/wp-json\/wp\/v2\/users\/1"}],"replies":[{"embeddable":true,"href":"https:\/\/corrientesdetarde.com\/index.php\/wp-json\/wp\/v2\/comments?post=58173"}],"version-history":[{"count":1,"href":"https:\/\/corrientesdetarde.com\/index.php\/wp-json\/wp\/v2\/posts\/58173\/revisions"}],"predecessor-version":[{"id":58190,"href":"https:\/\/corrientesdetarde.com\/index.php\/wp-json\/wp\/v2\/posts\/58173\/revisions\/58190"}],"wp:featuredmedia":[{"embeddable":true,"href":"https:\/\/corrientesdetarde.com\/index.php\/wp-json\/wp\/v2\/media\/58189"}],"wp:attachment":[{"href":"https:\/\/corrientesdetarde.com\/index.php\/wp-json\/wp\/v2\/media?parent=58173"}],"wp:term":[{"taxonomy":"category","embeddable":true,"href":"https:\/\/corrientesdetarde.com\/index.php\/wp-json\/wp\/v2\/categories?post=58173"},{"taxonomy":"post_tag","embeddable":true,"href":"https:\/\/corrientesdetarde.com\/index.php\/wp-json\/wp\/v2\/tags?post=58173"}],"curies":[{"name":"wp","href":"https:\/\/api.w.org\/{rel}","templated":true}]}}