{"id":58175,"date":"2023-05-02T20:28:11","date_gmt":"2023-05-02T23:28:11","guid":{"rendered":"https:\/\/corrientesdetarde.com\/?p=58175"},"modified":"2023-05-02T20:28:15","modified_gmt":"2023-05-02T23:28:15","slug":"dia-de-la-cruz-de-los-milagros-tradicion-e-historia","status":"publish","type":"post","link":"https:\/\/corrientesdetarde.com\/index.php\/cultura\/dia-de-la-cruz-de-los-milagros-tradicion-e-historia\/","title":{"rendered":"D\u00eda de la Cruz de los Milagros: Tradici\u00f3n e historia"},"content":{"rendered":"\n<p>En la v\u00edspera del D\u00eda de la Cruz de los Milagros, la comunidad cat\u00f3lica encender\u00e1 sus luminarias como es la habitual tradici\u00f3n en la provincia.<\/p>\n\n\n\n<figure class=\"wp-block-image\"><img decoding=\"async\" src=\"https:\/\/www.diarioepoca.com\/content\/bucket\/8\/1294458w762h426c.jpg.webp\" alt=\"\"\/><\/figure>\n\n\n\n<p>La noche de las luminarias naci\u00f3 hace muchos a\u00f1os atr\u00e1s, algunos dicen que esta celebraci\u00f3n naci\u00f3 con la fundaci\u00f3n de la ciudad. Es una manifestaci\u00f3n religiosa que consiste en prender velas en las veredas, ventanas y puertas de las casas.<\/p>\n\n\n\n<p>El n\u00famero de velas var\u00eda, puede ser por el n\u00famero de personas que viven en la casa, o por la sant\u00edsmia trinidad, colocando tres velitas; algunos colocan siete velas, por las siete puntas de Corrientes.&nbsp;<\/p>\n\n\n\n<p>La historia cuenta que cuando no hab\u00eda energ\u00eda el\u00e9ctrica, las velas se usaban para iluminar el camino de La Cruz de los Milagros.<\/p>\n\n\n\n<p>Hay quienes dicen que prender las luminarias en las puertas y ventanas de los hogares significa marcar el camino de los peregrinos que cada 3 de mayo se dirig\u00edan en procesi\u00f3n hasta la cruz fundacional.<\/p>\n\n\n\n<p>Algunos encienden siete velas por la cantidad de puntas que tiene la ciudad, otros tres, por la Sant\u00edsima Trinidad o por la fecha de la fundaci\u00f3n de la ciudad o una vela por cada integrante de la familia.<\/p>\n\n\n\n<p>Esta actividad religiosa y tradicional no s\u00f3lo re\u00fane a toda la familia, sino que honra la Fiesta de la Cruz de los Milagros y revaloriza la cultura y las costumbres correntinas.<\/p>\n\n\n\n<p>En cuanto a la procesi\u00f3n del d\u00eda mi\u00e9rcoles 3 de mayo, se recorrer\u00e1n las calles Belgrano, Buenos Aires, 25 Mayo y Salta. Se prev\u00e9 el inicio de la peregrinaci\u00f3n a las 15:30 junto a la salida de la r\u00e9plica de la Cruz.<\/p>\n\n\n\n<p>Concluida la procesi\u00f3n se realizar\u00e1 la santa misa presidida por Monse\u00f1or Andr\u00e9s Stanovnik. Por \u00faltimo, a las 20 se realizar\u00e1 el festival de clausura del Mes de Corrientes.<\/p>\n","protected":false},"excerpt":{"rendered":"<p>En la v\u00edspera del D\u00eda de la Cruz de los Milagros, la comunidad cat\u00f3lica encender\u00e1 sus luminarias como es la habitual tradici\u00f3n en la provincia. La noche de las luminarias&hellip; <\/p>\n","protected":false},"author":1,"featured_media":58184,"comment_status":"closed","ping_status":"open","sticky":false,"template":"","format":"standard","meta":{"footnotes":""},"categories":[15,17],"tags":[],"class_list":["post-58175","post","type-post","status-publish","format-standard","has-post-thumbnail","hentry","category-cultura","category-sociales"],"_links":{"self":[{"href":"https:\/\/corrientesdetarde.com\/index.php\/wp-json\/wp\/v2\/posts\/58175","targetHints":{"allow":["GET"]}}],"collection":[{"href":"https:\/\/corrientesdetarde.com\/index.php\/wp-json\/wp\/v2\/posts"}],"about":[{"href":"https:\/\/corrientesdetarde.com\/index.php\/wp-json\/wp\/v2\/types\/post"}],"author":[{"embeddable":true,"href":"https:\/\/corrientesdetarde.com\/index.php\/wp-json\/wp\/v2\/users\/1"}],"replies":[{"embeddable":true,"href":"https:\/\/corrientesdetarde.com\/index.php\/wp-json\/wp\/v2\/comments?post=58175"}],"version-history":[{"count":1,"href":"https:\/\/corrientesdetarde.com\/index.php\/wp-json\/wp\/v2\/posts\/58175\/revisions"}],"predecessor-version":[{"id":58185,"href":"https:\/\/corrientesdetarde.com\/index.php\/wp-json\/wp\/v2\/posts\/58175\/revisions\/58185"}],"wp:featuredmedia":[{"embeddable":true,"href":"https:\/\/corrientesdetarde.com\/index.php\/wp-json\/wp\/v2\/media\/58184"}],"wp:attachment":[{"href":"https:\/\/corrientesdetarde.com\/index.php\/wp-json\/wp\/v2\/media?parent=58175"}],"wp:term":[{"taxonomy":"category","embeddable":true,"href":"https:\/\/corrientesdetarde.com\/index.php\/wp-json\/wp\/v2\/categories?post=58175"},{"taxonomy":"post_tag","embeddable":true,"href":"https:\/\/corrientesdetarde.com\/index.php\/wp-json\/wp\/v2\/tags?post=58175"}],"curies":[{"name":"wp","href":"https:\/\/api.w.org\/{rel}","templated":true}]}}