{"id":58176,"date":"2023-05-02T20:25:07","date_gmt":"2023-05-02T23:25:07","guid":{"rendered":"https:\/\/corrientesdetarde.com\/?p=58176"},"modified":"2023-05-02T20:26:11","modified_gmt":"2023-05-02T23:26:11","slug":"entrega-de-notebooks-a-escuelas-secundarias-de-colonia-carolina-y-zonas-rurales-de-goya","status":"publish","type":"post","link":"https:\/\/corrientesdetarde.com\/index.php\/sociales\/entrega-de-notebooks-a-escuelas-secundarias-de-colonia-carolina-y-zonas-rurales-de-goya\/","title":{"rendered":"Entrega de notebooks a escuelas secundarias de Colonia Carolina y zonas rurales de Goya"},"content":{"rendered":"\n<p>Esta siesta, la ministra de Educaci\u00f3n, Pr\u00e1xedes L\u00f3pez presidi\u00f3 el acto de entrega de 366 notebooks del programa \u201cIncluir futuro\u201d a estudiantes de escuelas secundarias de la localidad de Colonia Carolina y zonas rurales de Goya.<\/p>\n\n\n\n<figure class=\"wp-block-image size-large\"><img loading=\"lazy\" decoding=\"async\" width=\"1024\" height=\"678\" src=\"https:\/\/corrientesdetarde.com\/wp-content\/uploads\/2023\/05\/image-62-1024x678.png\" alt=\"\" class=\"wp-image-58177\" srcset=\"https:\/\/corrientesdetarde.com\/wp-content\/uploads\/2023\/05\/image-62-1024x678.png 1024w, https:\/\/corrientesdetarde.com\/wp-content\/uploads\/2023\/05\/image-62-300x199.png 300w, https:\/\/corrientesdetarde.com\/wp-content\/uploads\/2023\/05\/image-62-768x509.png 768w, https:\/\/corrientesdetarde.com\/wp-content\/uploads\/2023\/05\/image-62.png 1280w\" sizes=\"auto, (max-width: 1024px) 100vw, 1024px\" \/><\/figure>\n\n\n\n<p>Participaron del acto el Intendente de Colonia Carolina, Elvio Sanabria, subsecretario de Gesti\u00f3n educativa, Julio Navias, subsecretario de Gesti\u00f3n Administrativa, Mauro Rinaldi, subsecretario de Infraestructura Escolar, Emilio Breard, director General de Nivel Secundario, Sergio Guti\u00e9rrez, directora de Educaci\u00f3n Privada, Alejandra Moncada, directora de Nivel Superior, Graciela yaya, director de Sistemas, Carlos Encina, autoridades educativas, docentes alumnos.<\/p>\n\n\n\n<p>\u201cQuiero transmitirles un saludo del gobernador, Gustavo Vald\u00e9s que me encomend\u00f3 especialmente que viniera a Carolina a entregar las notebooks del programa Incluir Futuro que naci\u00f3 en pandemia cuando no ten\u00edamos plataforma y que sin embargo, hoy en d\u00eda tenemos plataforma y contenido digital para nuestros alumnos. No solo entregamos computadoras sino que tambi\u00e9n acompa\u00f1amos con contenido educativo realizado por docentes correntinos. Desde Corrientes Play, EducaPlay pueden acceder a distintos contenidos como ser geograf\u00eda, historia, ingles para reforzar un contenido de alguna materia lo van a encontrar all\u00ed\u201d, expres\u00f3 la ministra de Educaci\u00f3n en tanto agreg\u00f3: \u201cEl futuro son ustedes, cuiden su herramienta de estudio, desde el Ministerio de Educaci\u00f3n permanentemente estamos prepar\u00e1ndolos para el futuro con nuevos contenidos educativos como ser programaci\u00f3n, rob\u00f3tica\u201d.\u00a0<\/p>\n\n\n\n<figure class=\"wp-block-image size-large\"><img loading=\"lazy\" decoding=\"async\" width=\"1024\" height=\"678\" src=\"https:\/\/corrientesdetarde.com\/wp-content\/uploads\/2023\/05\/image-63-1024x678.png\" alt=\"\" class=\"wp-image-58178\" srcset=\"https:\/\/corrientesdetarde.com\/wp-content\/uploads\/2023\/05\/image-63-1024x678.png 1024w, https:\/\/corrientesdetarde.com\/wp-content\/uploads\/2023\/05\/image-63-300x199.png 300w, https:\/\/corrientesdetarde.com\/wp-content\/uploads\/2023\/05\/image-63-768x509.png 768w, https:\/\/corrientesdetarde.com\/wp-content\/uploads\/2023\/05\/image-63.png 1280w\" sizes=\"auto, (max-width: 1024px) 100vw, 1024px\" \/><\/figure>\n\n\n\n<p>Por otra parte, la titular de la cartera educativa provincial hizo referencia al d\u00eda internacional del bullying o acoso escolar: \u201cNo nos hagamos los distra\u00eddos, cuidemos a nuestros compa\u00f1eros, empecemos a fomentar las virtudes, empat\u00eda, respeto. Cada uno de ustedes se merecen el respeto como persona, promuevan la empat\u00eda, entiendan al otro compa\u00f1ero de tal manera que podamos tener una sociedad en paz&#8221;, expres\u00f3 y se\u00f1al\u00f3: &#8220;Estamos convencidos desde el Gobierno de la provincia que la Educaci\u00f3n p\u00fablica es nuestro pilar fundamental, por eso nuestro compromiso no solamente es de infraestructura escolar, sino que tambi\u00e9n es dotar a nuestros alumnos con tecnolog\u00eda que va a revolucionar la educaci\u00f3n\u201d, finaliz\u00f3.<\/p>\n\n\n\n<p>Por su parte el intendente Sanabria destac\u00f3 la importancia de la entrega de notebooks a escuelas de la zona rural: \u201cEs relevante esta decisi\u00f3n del gobierno provincial acampado de la ministra hacer entrega de estos dispositivos electr\u00f3nicos a nuestros alumnos y darles la misma&nbsp;posibilidad que los estudiantes de las grandes ciudades\u201d.&nbsp;<\/p>\n\n\n\n<p>Los colegios que recibieron las notebooks fueron:<\/p>\n\n\n\n<p>Colegio secundario \u201cBuena Vista\u201d,0 (54); Extensi\u00f3n Aulica del colegio \u201cBuena vista\u201d (Escuela N\u00b0721) (30); Extensi\u00f3n \u00e1ulica colegio \u201cBuena vista\u201d, (Escuela N\u00b0 336 rural) (9); Colegio secundario de Colonia Carolina (42); Extensi\u00f3n \u00e1ulica Colegio \u201cBuena vista\u201d, (Escuela N\u00b0595 rural) (6); Colegio secundario de Paraje Ifran (22); Extensi\u00f3n \u00e1ulica colegio \u201cBuena vista\u201d (Escuela N\u00b0 861 rural) (10); Extensi\u00f3n \u00e1ulica colegio \u201cBuena vista\u201d (Escuela N\u00b0276 rural) (20); Escuela agrot\u00e9cnica San isidro Labrador (9); Colegio secundario del Paraje los Alamos (12). 214 notebooks<\/p>\n\n\n\n<p>E.F.A Coembota I.S 16 (19) alumnos del segundo a\u00f1o 2023; E.F.A Anah\u00ed I.S 19 (23), alumnos segundo a\u00f1o 2013; E.F.A Jaha Katu I.S19 (27), alumnos segundo a\u00f1o 2023; E.F.A Coembota I.S 16 (30), alumnos del segundo a\u00f1o 2022 ; E.F.A Anah\u00ed19 (31) segundo a\u00f1o 2022; E.F.A Jaha Katu I.S19 (22), segundo a\u00f1o 2022. 152 notebooks.<\/p>\n\n\n\n<figure class=\"wp-block-image size-large\"><img loading=\"lazy\" decoding=\"async\" width=\"1024\" height=\"678\" src=\"https:\/\/corrientesdetarde.com\/wp-content\/uploads\/2023\/05\/image-64-1024x678.png\" alt=\"\" class=\"wp-image-58179\" srcset=\"https:\/\/corrientesdetarde.com\/wp-content\/uploads\/2023\/05\/image-64-1024x678.png 1024w, https:\/\/corrientesdetarde.com\/wp-content\/uploads\/2023\/05\/image-64-300x199.png 300w, https:\/\/corrientesdetarde.com\/wp-content\/uploads\/2023\/05\/image-64-768x509.png 768w, https:\/\/corrientesdetarde.com\/wp-content\/uploads\/2023\/05\/image-64.png 1280w\" sizes=\"auto, (max-width: 1024px) 100vw, 1024px\" \/><\/figure>\n","protected":false},"excerpt":{"rendered":"<p>Esta siesta, la ministra de Educaci\u00f3n, Pr\u00e1xedes L\u00f3pez presidi\u00f3 el acto de entrega de 366 notebooks del programa \u201cIncluir futuro\u201d a estudiantes de escuelas secundarias de la localidad de Colonia&hellip; <\/p>\n","protected":false},"author":1,"featured_media":58180,"comment_status":"closed","ping_status":"open","sticky":false,"template":"","format":"standard","meta":{"footnotes":""},"categories":[17],"tags":[],"class_list":["post-58176","post","type-post","status-publish","format-standard","has-post-thumbnail","hentry","category-sociales"],"_links":{"self":[{"href":"https:\/\/corrientesdetarde.com\/index.php\/wp-json\/wp\/v2\/posts\/58176","targetHints":{"allow":["GET"]}}],"collection":[{"href":"https:\/\/corrientesdetarde.com\/index.php\/wp-json\/wp\/v2\/posts"}],"about":[{"href":"https:\/\/corrientesdetarde.com\/index.php\/wp-json\/wp\/v2\/types\/post"}],"author":[{"embeddable":true,"href":"https:\/\/corrientesdetarde.com\/index.php\/wp-json\/wp\/v2\/users\/1"}],"replies":[{"embeddable":true,"href":"https:\/\/corrientesdetarde.com\/index.php\/wp-json\/wp\/v2\/comments?post=58176"}],"version-history":[{"count":3,"href":"https:\/\/corrientesdetarde.com\/index.php\/wp-json\/wp\/v2\/posts\/58176\/revisions"}],"predecessor-version":[{"id":58183,"href":"https:\/\/corrientesdetarde.com\/index.php\/wp-json\/wp\/v2\/posts\/58176\/revisions\/58183"}],"wp:featuredmedia":[{"embeddable":true,"href":"https:\/\/corrientesdetarde.com\/index.php\/wp-json\/wp\/v2\/media\/58180"}],"wp:attachment":[{"href":"https:\/\/corrientesdetarde.com\/index.php\/wp-json\/wp\/v2\/media?parent=58176"}],"wp:term":[{"taxonomy":"category","embeddable":true,"href":"https:\/\/corrientesdetarde.com\/index.php\/wp-json\/wp\/v2\/categories?post=58176"},{"taxonomy":"post_tag","embeddable":true,"href":"https:\/\/corrientesdetarde.com\/index.php\/wp-json\/wp\/v2\/tags?post=58176"}],"curies":[{"name":"wp","href":"https:\/\/api.w.org\/{rel}","templated":true}]}}