{"id":58252,"date":"2023-05-03T10:03:40","date_gmt":"2023-05-03T13:03:40","guid":{"rendered":"https:\/\/corrientesdetarde.com\/?p=58252"},"modified":"2023-05-03T10:03:40","modified_gmt":"2023-05-03T13:03:40","slug":"se-inauguro-un-nuevo-portal-de-acceso-a-la-localidad-de-saladas","status":"publish","type":"post","link":"https:\/\/corrientesdetarde.com\/index.php\/informacion-general\/se-inauguro-un-nuevo-portal-de-acceso-a-la-localidad-de-saladas\/","title":{"rendered":"Se inaugur\u00f3 un nuevo portal de acceso a la localidad de Saladas"},"content":{"rendered":"\n<p>El intendente Noel G\u00f3mez, equipo de gobierno, concejales y vecinos, dejaron inaugurada la flamante obra en el ingreso al barrio Estaci\u00f3n. La misma cuenta parte de la gran historia de este sector de la ciudad, representando a Santa Catalina, el ex ferrocarril, la producci\u00f3n, entre otros atractivos.<\/p>\n\n\n\n<p>El mural fue ejecutado por el artista Marcos Kura, quien realiz\u00f3 su tercera obra en esta ciudad. Se construy\u00f3 con recursos propios y personal municipal que acompa\u00f1\u00f3 al reconocido muralista.<\/p>\n\n\n\n<p>La obra se encuentra ubicada en la intersecci\u00f3n de Ruta Nacional 118 y la circunvalaci\u00f3n de acceso por Avenida Juan Pujol.<\/p>\n\n\n\n<p>La ceremonia inaugural cont\u00f3 con la gu\u00eda y bendici\u00f3n del Padre Jos\u00e9 Francisco Gonz\u00e1lez, quien viene acompa\u00f1ando a la Parroquia San Jos\u00e9 hace un tiempo y casualmente hoy, en el d\u00eda del 13\u00b0 aniversario de su Ordenaci\u00f3n Sacerdotal.<\/p>\n\n\n\n<p>Engalanaron el momento, las im\u00e1genes de San Jos\u00e9 y Santa Catalina de Siena, patronos de la ciudad y el barrio respectivamente.<\/p>\n\n\n\n<p>El intendente agradeci\u00f3 la presencia y acompa\u00f1amiento de todos, y dese\u00f3 que &#8220;nuestra patrona, Santa Catalina, nos gu\u00ede y bendiga siempre&#8221;.<\/p>\n","protected":false},"excerpt":{"rendered":"<p>El intendente Noel G\u00f3mez, equipo de gobierno, concejales y vecinos, dejaron inaugurada la flamante obra en el ingreso al barrio Estaci\u00f3n. La misma cuenta parte de la gran historia de&hellip; <\/p>\n","protected":false},"author":3,"featured_media":58253,"comment_status":"closed","ping_status":"open","sticky":false,"template":"","format":"standard","meta":{"footnotes":""},"categories":[1],"tags":[],"class_list":["post-58252","post","type-post","status-publish","format-standard","has-post-thumbnail","hentry","category-informacion-general"],"_links":{"self":[{"href":"https:\/\/corrientesdetarde.com\/index.php\/wp-json\/wp\/v2\/posts\/58252","targetHints":{"allow":["GET"]}}],"collection":[{"href":"https:\/\/corrientesdetarde.com\/index.php\/wp-json\/wp\/v2\/posts"}],"about":[{"href":"https:\/\/corrientesdetarde.com\/index.php\/wp-json\/wp\/v2\/types\/post"}],"author":[{"embeddable":true,"href":"https:\/\/corrientesdetarde.com\/index.php\/wp-json\/wp\/v2\/users\/3"}],"replies":[{"embeddable":true,"href":"https:\/\/corrientesdetarde.com\/index.php\/wp-json\/wp\/v2\/comments?post=58252"}],"version-history":[{"count":1,"href":"https:\/\/corrientesdetarde.com\/index.php\/wp-json\/wp\/v2\/posts\/58252\/revisions"}],"predecessor-version":[{"id":58254,"href":"https:\/\/corrientesdetarde.com\/index.php\/wp-json\/wp\/v2\/posts\/58252\/revisions\/58254"}],"wp:featuredmedia":[{"embeddable":true,"href":"https:\/\/corrientesdetarde.com\/index.php\/wp-json\/wp\/v2\/media\/58253"}],"wp:attachment":[{"href":"https:\/\/corrientesdetarde.com\/index.php\/wp-json\/wp\/v2\/media?parent=58252"}],"wp:term":[{"taxonomy":"category","embeddable":true,"href":"https:\/\/corrientesdetarde.com\/index.php\/wp-json\/wp\/v2\/categories?post=58252"},{"taxonomy":"post_tag","embeddable":true,"href":"https:\/\/corrientesdetarde.com\/index.php\/wp-json\/wp\/v2\/tags?post=58252"}],"curies":[{"name":"wp","href":"https:\/\/api.w.org\/{rel}","templated":true}]}}