{"id":58276,"date":"2023-05-03T11:04:02","date_gmt":"2023-05-03T14:04:02","guid":{"rendered":"https:\/\/corrientesdetarde.com\/?p=58276"},"modified":"2023-05-03T11:04:05","modified_gmt":"2023-05-03T14:04:05","slug":"incautan-2-500-piezas-de-fauna-protegida-por-denuncia-originada-en-corrientes","status":"publish","type":"post","link":"https:\/\/corrientesdetarde.com\/index.php\/policiales\/incautan-2-500-piezas-de-fauna-protegida-por-denuncia-originada-en-corrientes\/","title":{"rendered":"Incautan 2.500 piezas de fauna protegida por denuncia originada en Corrientes"},"content":{"rendered":"\n<p>La Polic\u00eda Federal incaut\u00f3 unas 2.500 piezas de fauna silvestre protegida tras realizar allanamientos en Tandil y Longchamps (Buenos Aires) que se utilizaban en la confecci\u00f3n de cuchiller\u00eda artesanal. La denuncia se origin\u00f3 desde Corrientes<\/p>\n\n\n\n<p>El Ministerio de Seguridad de la Naci\u00f3n se\u00f1al\u00f3 que la investigaci\u00f3n del caso &#8220;se inici\u00f3 tras la denuncia de un correo postal de Corrientes que detect\u00f3 env\u00edos de material de caza ilegal&#8221; y deriv\u00f3 en allanamientos realizados en Tandil y Longchamps.<\/p>\n\n\n\n<p>&#8220;En la pesquisa, se lograron determinar los talleres en donde se realizaba la confecci\u00f3n de cuchiller\u00eda artesanal con partes de animales y los canales de venta interprovincial mediante el uso de redes sociales, medios electr\u00f3nicos y ferias&#8221;, indic\u00f3 la cartera a cargo de An\u00edbal Fern\u00e1ndez a trav\u00e9s de su cuenta de Twitter.<\/p>\n\n\n\n<p>Y agreg\u00f3: &#8220;Como resultado se incautaron m\u00e1s de 2500 piezas de astas de ciervo axis, pezu\u00f1as de \u00f1and\u00fa, mulitas, ciervos y ant\u00edlopes de la India y 200 cuchillos y enseres armados con partes producto de la caza furtiva ilegal&#8221;.<\/p>\n\n\n\n<p>El valor de las piezas incautadas asciende a $7 millones.<\/p>\n","protected":false},"excerpt":{"rendered":"<p>La Polic\u00eda Federal incaut\u00f3 unas 2.500 piezas de fauna silvestre protegida tras realizar allanamientos en Tandil y Longchamps (Buenos Aires) que se utilizaban en la confecci\u00f3n de cuchiller\u00eda artesanal. La&hellip; <\/p>\n","protected":false},"author":3,"featured_media":58277,"comment_status":"closed","ping_status":"open","sticky":false,"template":"","format":"standard","meta":{"footnotes":""},"categories":[33],"tags":[],"class_list":["post-58276","post","type-post","status-publish","format-standard","has-post-thumbnail","hentry","category-policiales"],"_links":{"self":[{"href":"https:\/\/corrientesdetarde.com\/index.php\/wp-json\/wp\/v2\/posts\/58276","targetHints":{"allow":["GET"]}}],"collection":[{"href":"https:\/\/corrientesdetarde.com\/index.php\/wp-json\/wp\/v2\/posts"}],"about":[{"href":"https:\/\/corrientesdetarde.com\/index.php\/wp-json\/wp\/v2\/types\/post"}],"author":[{"embeddable":true,"href":"https:\/\/corrientesdetarde.com\/index.php\/wp-json\/wp\/v2\/users\/3"}],"replies":[{"embeddable":true,"href":"https:\/\/corrientesdetarde.com\/index.php\/wp-json\/wp\/v2\/comments?post=58276"}],"version-history":[{"count":1,"href":"https:\/\/corrientesdetarde.com\/index.php\/wp-json\/wp\/v2\/posts\/58276\/revisions"}],"predecessor-version":[{"id":58278,"href":"https:\/\/corrientesdetarde.com\/index.php\/wp-json\/wp\/v2\/posts\/58276\/revisions\/58278"}],"wp:featuredmedia":[{"embeddable":true,"href":"https:\/\/corrientesdetarde.com\/index.php\/wp-json\/wp\/v2\/media\/58277"}],"wp:attachment":[{"href":"https:\/\/corrientesdetarde.com\/index.php\/wp-json\/wp\/v2\/media?parent=58276"}],"wp:term":[{"taxonomy":"category","embeddable":true,"href":"https:\/\/corrientesdetarde.com\/index.php\/wp-json\/wp\/v2\/categories?post=58276"},{"taxonomy":"post_tag","embeddable":true,"href":"https:\/\/corrientesdetarde.com\/index.php\/wp-json\/wp\/v2\/tags?post=58276"}],"curies":[{"name":"wp","href":"https:\/\/api.w.org\/{rel}","templated":true}]}}